{"id":3976,"date":"2020-12-01T12:43:10","date_gmt":"2020-12-01T12:43:10","guid":{"rendered":"http:\/\/minval.org\/svm\/?p=3976"},"modified":"2020-12-01T12:47:59","modified_gmt":"2020-12-01T12:47:59","slug":"ha-fallecido-julio-martinez-blasco","status":"publish","type":"post","link":"http:\/\/minval.org\/svm\/?p=3976","title":{"rendered":"Ha fallecido Julio Mart\u00ednez Blasco"},"content":{"rendered":"\n<p>Ha fallecido en Valencia nuestro querido socio fundador y miembro de la Junta Directiva, Julio Mart\u00ednez Blasco. Todos los que le conocimos guardamos de \u00e9l la imagen de una persona entusiasta de los minerales, que hab\u00eda recorrido recolect\u00e1ndolos toda la Comunidad Valenciana y casi toda Espa\u00f1a. Expon\u00eda en todas las ferias de nuestra Comunidad, Sant Vicent del Raspeig, Castell\u00f3 y Valencia, feria de la que era coorganizador. Su stand estaba repleto de minerales valencianos de los que era divulgador. Te encontraremos a faltar<\/p>\n","protected":false},"excerpt":{"rendered":"<p>Ha fallecido en Valencia nuestro querido socio fundador y miembro de la Junta Directiva, Julio Mart\u00ednez Blasco. Todos los que le conocimos guardamos de \u00e9l la imagen de una persona entusiasta de los minerales, que hab\u00eda recorrido recolect\u00e1ndolos toda la&#8230;<\/p>\n","protected":false},"author":2,"featured_media":0,"comment_status":"open","ping_status":"open","sticky":false,"template":"","format":"standard","meta":{"ngg_post_thumbnail":0,"footnotes":""},"categories":[4],"tags":[],"_links":{"self":[{"href":"http:\/\/minval.org\/svm\/index.php?rest_route=\/wp\/v2\/posts\/3976"}],"collection":[{"href":"http:\/\/minval.org\/svm\/index.php?rest_route=\/wp\/v2\/posts"}],"about":[{"href":"http:\/\/minval.org\/svm\/index.php?rest_route=\/wp\/v2\/types\/post"}],"author":[{"embeddable":true,"href":"http:\/\/minval.org\/svm\/index.php?rest_route=\/wp\/v2\/users\/2"}],"replies":[{"embeddable":true,"href":"http:\/\/minval.org\/svm\/index.php?rest_route=%2Fwp%2Fv2%2Fcomments&post=3976"}],"version-history":[{"count":1,"href":"http:\/\/minval.org\/svm\/index.php?rest_route=\/wp\/v2\/posts\/3976\/revisions"}],"predecessor-version":[{"id":3977,"href":"http:\/\/minval.org\/svm\/index.php?rest_route=\/wp\/v2\/posts\/3976\/revisions\/3977"}],"wp:attachment":[{"href":"http:\/\/minval.org\/svm\/index.php?rest_route=%2Fwp%2Fv2%2Fmedia&parent=3976"}],"wp:term":[{"taxonomy":"category","embeddable":true,"href":"http:\/\/minval.org\/svm\/index.php?rest_route=%2Fwp%2Fv2%2Fcategories&post=3976"},{"taxonomy":"post_tag","embeddable":true,"href":"http:\/\/minval.org\/svm\/index.php?rest_route=%2Fwp%2Fv2%2Ftags&post=3976"}],"curies":[{"name":"wp","href":"https:\/\/api.w.org\/{rel}","templated":true}]}}