{"id":40,"date":"2009-08-18T19:21:45","date_gmt":"2009-08-18T17:21:45","guid":{"rendered":"http:\/\/192.168.1.33\/wp2\/?p=40"},"modified":"2009-08-18T19:21:45","modified_gmt":"2009-08-18T17:21:45","slug":"acta-numero-1","status":"publish","type":"post","link":"http:\/\/minval.org\/svm\/?p=40","title":{"rendered":"Acta n\u00famero 1"},"content":{"rendered":"<p><!--:es-->ACTA 1<\/p>\n<p>A las 13 horas del d\u00eda 17 de noviembre de 2007, se re\u00fanen en el Sal\u00f3n Imperial de Nuevo Centro en Valencia, una mayor\u00eda absoluta de miembros de la Sociedad Valenciana de Mineralog\u00eda, con el siguiente orden del d\u00eda:<\/p>\n<p>1.- Lectura y aprobaci\u00f3n del Acta de la Asamblea celebrada en septiembre en San Vicente del Raspeig, Alicante.<\/p>\n<p>2.- Presentaci\u00f3n de candidaturas para la Junta Directiva y votaci\u00f3n de las mismas.<\/p>\n<p>3.- Distribuci\u00f3n de las revistas.<\/p>\n<p>4.- Informaci\u00f3n de la Junta Gestora sobre las tareas realizadas hasta la fecha, a destacar:<\/p>\n<p>4.1.- Desarrollo de la p\u00e1gina web<\/p>\n<p>4.2.- Grupos de trabajo<\/p>\n<p>4.3.- Informe de tesorer\u00eda<\/p>\n<p>4.4.- Proyectos de futuro<\/p>\n<p>5.- Ruegos y preguntas<\/p>\n<p>Aprobada el acta de la sesi\u00f3n anterior, tom\u00f3 la palabra D. Juan Miguel Casanova, para manifestar su satisfacci\u00f3n, por la buena respuesta que ha tenido entre los aficionados a la Mineralog\u00eda la constituci\u00f3n de esta Sociedad, habiendo llegado en s\u00f3lo dos meses a 66 socios.<\/p>\n<p>Seguidamente present\u00f3 la \u00fanica candidatura presentada hasta ese mismo momento, constituida por<\/p>\n<p>Presidente: D. Juan Miguel Casanova Honrubia<\/p>\n<p>Vicepresidente: D. Jos\u00e9 Ram\u00f3n Pastor Aliaga<\/p>\n<p>Secretario: D. Manuel Canseco Caball\u00e9<\/p>\n<p>Tesorero: D. Ram\u00f3n Antonio L\u00f3pez Garc\u00eda<\/p>\n<p>Vocales:<\/p>\n<p>D. Jos\u00e9 Pedro Andr\u00e9s P\u00e9rez<\/p>\n<p>D. Juan Mar\u00eda Bartol Sevillano<\/p>\n<p>D. Manel Canseco Su\u00e1rez (Webmaster)<\/p>\n<p>D. Honorio Cocera La Parra<\/p>\n<p>D. Antonio Ram\u00f3n Garc\u00eda Mart\u00ednez<\/p>\n<p>D. Jenaro Gil Marco<\/p>\n<p>D. Pedro Antonio L\u00f3pez S\u00e1nchez<\/p>\n<p>D. Julio Mart\u00ednez Blasco<\/p>\n<p>D. Francisco Mayor Boix (Documentaci\u00f3n gr\u00e1fica)<\/p>\n<p>D. \u00c1ngel Merino Molt\u00f3<\/p>\n<p>D. Rafael Mu\u00f1oz Alvarado<\/p>\n<p>D. Adri\u00e1n Pesudo Martinavarro<\/p>\n<p>D. Mois\u00e9s Plaza Bernal<\/p>\n<p>D. Fernando Lu\u00eds Tar\u00edn Bacas<\/p>\n<p>D. Juan Carlos Tar\u00edn Bacas<\/p>\n<p>candidatura que fue aprobada por la unanimidad de los presentes.<\/p>\n<p>En cuanto a la distribuci\u00f3n de las revistas Bocamina y Revista de Minerales, el Sr. Presidente indic\u00f3, que ser\u00eda conveniente que las personas suscritas por otros canales, que no fueran asociaciones, lo hicieran por la SVM, pues de esta manera, sin coste adicional alguno, contribuir\u00edan al apoyo de la misma. Hasta el momento hab\u00eda 33 personas que ya recib\u00edan las revistas por la Sociedad, siendo el objetivo conseguir que lo hicieran cincuenta, m\u00ednimo n\u00famero que los distribuidores consideraban para realizar un descuento.<\/p>\n<p>En el cuarto punto del orden del d\u00eda, D. Manuel Canseco inform\u00f3 de las gestiones y vicisitudes que hab\u00edan tenido lugar, hasta conseguir comprar un portal y un dominio. El dominio tiene como direcci\u00f3n www.minval.org y poco a poco se ir\u00e1n incorporando contenidos. En este momento se est\u00e1 trabajando en una identificaci\u00f3n clara de los yacimientos de la Comunidad, para evitar en lo posible duplicidades y que cada persona pueda insertar las fotograf\u00edas de los minerales y los datos que conozca de cada uno de ellos. El Sr. Canseco pidi\u00f3 un poco de paciencia y comprensi\u00f3n en la inserci\u00f3n de la base de datos, que ser\u00e1 visible en cuanto tengamos contrastado su funcionamiento.<\/p>\n<p>En cuanto la ampliaci\u00f3n de dicha base a otras provincias, ser\u00eda necesario tener personas referentes, que conocieran la zona suficientemente, para identificar los yacimientos.<\/p>\n<p>A continuaci\u00f3n se propusieron los siguientes grupos de trabajo:<\/p>\n<p>Encargados de la distribuci\u00f3n de las revistas<\/p>\n<p>D. Jose Ram\u00f3n Pastor en Alicante<\/p>\n<p>D. Andr\u00e9s Alcaraz en Murcia<\/p>\n<p>D. Juan Miguel Casanova en Valencia<\/p>\n<p>D. Adri\u00e1n Pesudo y D. Juan Carlos Tar\u00edn en Castell\u00f3n<\/p>\n<p>Identificaci\u00f3n de minerales<\/p>\n<p>D. Rafael Mu\u00f1oz, D. Honorio Cocera. D. Adri\u00e1n Pesudo, D. Juan Mari Bartol y D. Juan Carlos Tar\u00edn<\/p>\n<p>Salidas did\u00e1cticas<\/p>\n<p>D. Francisco Mayor<\/p>\n<p>El Sr. Vicepresidente, tom\u00f3 la palabra para informar que ya se hab\u00eda dise\u00f1ado un carn\u00e9, para los miembros de la Sociedad y que para completarlo se necesitaba una fotograf\u00eda digital, que hab\u00eda que enviar a su direcci\u00f3n de correo electr\u00f3nico JRPASTOR@telefonica.net. Dicho carn\u00e9 ser\u00e1 renovable cada dos a\u00f1os.<\/p>\n<p>En cuanto a nuevos proyectos, D. Francisco Mayor se\u00f1al\u00f3 la presencia de la SVM en el futuro museo de Soneja (Castell\u00f3n).<\/p>\n<p>Y sin m\u00e1s asuntos a tratar finaliz\u00f3 la sesi\u00f3n a las 14 del d\u00eda indicado, de la cual como secretario manifiesto.<\/p>\n<p>Manuel Canseco Caball\u00e9<!--:--><\/p>\n","protected":false},"excerpt":{"rendered":"<p>ACTA 1 A las 13 horas del d\u00eda 17 de noviembre de 2007, se re\u00fanen en el Sal\u00f3n Imperial de Nuevo Centro en Valencia, una mayor\u00eda absoluta de miembros de la Sociedad Valenciana de Mineralog\u00eda, con el siguiente orden del&#8230;<\/p>\n","protected":false},"author":1,"featured_media":0,"comment_status":"closed","ping_status":"closed","sticky":false,"template":"","format":"standard","meta":{"ngg_post_thumbnail":0,"footnotes":""},"categories":[2],"tags":[],"_links":{"self":[{"href":"http:\/\/minval.org\/svm\/index.php?rest_route=\/wp\/v2\/posts\/40"}],"collection":[{"href":"http:\/\/minval.org\/svm\/index.php?rest_route=\/wp\/v2\/posts"}],"about":[{"href":"http:\/\/minval.org\/svm\/index.php?rest_route=\/wp\/v2\/types\/post"}],"author":[{"embeddable":true,"href":"http:\/\/minval.org\/svm\/index.php?rest_route=\/wp\/v2\/users\/1"}],"replies":[{"embeddable":true,"href":"http:\/\/minval.org\/svm\/index.php?rest_route=%2Fwp%2Fv2%2Fcomments&post=40"}],"version-history":[{"count":0,"href":"http:\/\/minval.org\/svm\/index.php?rest_route=\/wp\/v2\/posts\/40\/revisions"}],"wp:attachment":[{"href":"http:\/\/minval.org\/svm\/index.php?rest_route=%2Fwp%2Fv2%2Fmedia&parent=40"}],"wp:term":[{"taxonomy":"category","embeddable":true,"href":"http:\/\/minval.org\/svm\/index.php?rest_route=%2Fwp%2Fv2%2Fcategories&post=40"},{"taxonomy":"post_tag","embeddable":true,"href":"http:\/\/minval.org\/svm\/index.php?rest_route=%2Fwp%2Fv2%2Ftags&post=40"}],"curies":[{"name":"wp","href":"https:\/\/api.w.org\/{rel}","templated":true}]}}