{"id":417,"date":"2009-10-13T13:04:37","date_gmt":"2009-10-13T11:04:37","guid":{"rendered":"http:\/\/minval.org\/svm\/?p=417"},"modified":"2009-10-13T13:04:37","modified_gmt":"2009-10-13T11:04:37","slug":"luis-adaro-ruiz","status":"publish","type":"post","link":"http:\/\/minval.org\/svm\/?p=417","title":{"rendered":"Luis Adaro Ruiz"},"content":{"rendered":"<p><!--:es--><\/p>\n<table style=\"width: 649px; height: 370px;\" border=\"0\">\n<tbody>\n<tr>\n<td style=\"width: 150px;\">\u00a0\u00a0\u00a0\u00a0\u00a0\u00a0\u00a0\u00a0\u00a0\u00a0\u00a0\u00a0\u00a0\u00a0\u00a0\u00a0\u00a0\u00a0\u00a0\u00a0\u00a0\u00a0\u00a0\u00a0\u00a0\u00a0\u00a0\u00a0\u00a0\u00a0\u00a0\u00a0\u00a0\u00a0\u00a0\u00a0\u00a0\u00a0\u00a0\u00a0\u00a0\u00a0\u00a0\u00a0\u00a0\u00a0\u00a0\u00a0\u00a0 \u00a0\u00a0\u00a0\u00a0\u00a0\u00a0\u00a0\u00a0<\/td>\n<td style=\"width: 500px;\">\n<h3>Datos y documentos para una historia minera e industrial de Asturias<\/h3>\n<address>Adaro Ruiz, Luis\u00a0\u00a0<\/address>\n<address>Gij\u00f3n : Suministros Adaro, 1981- [1994]<\/address>\n<address>v. 1, 3-4 : il. col., map. pleg. ; 30 cm<\/address>\n<address>O 2391-1981<\/address>\n<address>\u00a0<\/address>\n<address style=\"TEXT-ALIGN: justify\">1. Los comienzos de la miner\u00eda del carb\u00f3n de piedra y de los hornos de cok. El Real Instituto Asturiano 3. Documentaci\u00f3n de la miner\u00eda asturiana (1383-1803). Grabados con escenas y planos de la miner\u00eda espa\u00f1ola y europea 4. Documentaci\u00f3n de la miner\u00eda asturiana (1802-1845). Grabados con escenas y planos de la miner\u00eda espa\u00f1ola y del resto del mundo con su correspondiente documentaci\u00f3n<\/address>\n<address>\u00a0<\/address>\n<\/td>\n<\/tr>\n<tr>\n<td>\u00a0<\/td>\n<td>\u00a0<\/td>\n<\/tr>\n<tr>\n<td>\u00a0\t<div class=\"ngg-gallery-singlepic-image ngg-center\" style=\"max-width: 100px\">\n\t\t\t\t<a href=\"http:\/\/minval.org\/svm\/wp-content\/gallery\/calvo-rebollar-miguel\/id166.jpg\"\n\t\t\ttitle=\"\"\n\t\t\tdata-src=\"http:\/\/minval.org\/svm\/wp-content\/gallery\/calvo-rebollar-miguel\/id166.jpg\"\n\t\t\tdata-thumbnail=\"http:\/\/minval.org\/svm\/wp-content\/gallery\/calvo-rebollar-miguel\/thumbs\/thumbs_id166.jpg\"\n\t\t\tdata-image-id=\"336\"\n\t\t\tdata-title=\"id166\"\n\t\t\tdata-description=\"\"\n\t\t\ttarget='_self'\n\t\t\tclass=\"ngg-simplelightbox\" rel=\"776f07cf8facebdbbc97a803d4bf7c35\">\n\t\t\t<img class=\"ngg-singlepic\"\n\t\t\t\tsrc=\"http:\/\/minval.org\/svm\/wp-content\/gallery\/calvo-rebollar-miguel\/cache\/id166.jpg-nggid03336-ngg0dyn-100x0x100-00f0w010c010r110f110r010t010.jpg\"\n\t\t\t\talt=\"id166\"\n\t\t\t\ttitle=\"id166\"\n\t\t\t\t\t\t\t\t\twidth=\"100\" \t\t\t\t\t\t\t\/>\n\t\t<\/a>\n\t\t\t<\/div>\n\t\t<\/td>\n<td>\n<h3>Jovellanos y la miner\u00eda en Asturias<\/h3>\n<address>Adaro Ruiz, Luis<\/address>\n<address>Gij\u00f3n : Fundaci\u00f3n Foro Jovellanos del Principado de Asturias, 2003<\/address>\n<address>481 p., l\u00e1m. : il. ; 24 cm<\/address>\n<address>AS 1823-2003<\/address>\n<address>\u00a0<\/address>\n<\/td>\n<\/tr>\n<tr>\n<td style=\"TEXT-ALIGN: center\" colspan=\"2\">La obra puede consultarse en <a href=\"http:\/\/books.google.es\/books?id=VMJHZJa64y8C&amp;printsec=frontcover&amp;dq=inauthor:luis+inauthor:adaro+inauthor:ruiz&amp;lr=&amp;as_drrb_is=q&amp;as_minm_is=0&amp;as_miny_is=&amp;as_maxm_is=0&amp;as_maxy_is=&amp;as_brr=0#v=onepage&amp;q=&amp;f=false\" target=\"_blank\" rel=\"noopener noreferrer\">Google libros<\/a><\/td>\n<\/tr>\n<tr>\n<td style=\"TEXT-ALIGN: right\" colspan=\"2\">\u00a0<a href=\"http:\/\/minval.org\/svm\/?p=293 \">volver &gt;&gt;<\/a><\/td>\n<\/tr>\n<\/tbody>\n<\/table>\n<p><!--:--><\/p>\n","protected":false},"excerpt":{"rendered":"<p>\u00a0\u00a0\u00a0\u00a0\u00a0\u00a0\u00a0\u00a0\u00a0\u00a0\u00a0\u00a0\u00a0\u00a0\u00a0\u00a0\u00a0\u00a0\u00a0\u00a0\u00a0\u00a0\u00a0\u00a0\u00a0\u00a0\u00a0\u00a0\u00a0\u00a0\u00a0\u00a0\u00a0\u00a0\u00a0\u00a0\u00a0\u00a0\u00a0\u00a0\u00a0\u00a0\u00a0\u00a0\u00a0\u00a0\u00a0\u00a0\u00a0 \u00a0\u00a0\u00a0\u00a0\u00a0\u00a0\u00a0\u00a0 Datos y documentos para una historia minera e industrial de Asturias Adaro Ruiz, Luis\u00a0\u00a0 Gij\u00f3n : Suministros Adaro, 1981- [1994] v. 1, 3-4 : il. col., map. pleg. ; 30 cm O 2391-1981 \u00a0 1. Los comienzos de&#8230;<\/p>\n","protected":false},"author":3,"featured_media":0,"comment_status":"closed","ping_status":"closed","sticky":false,"template":"","format":"standard","meta":{"ngg_post_thumbnail":0,"footnotes":""},"categories":[5],"tags":[9],"_links":{"self":[{"href":"http:\/\/minval.org\/svm\/index.php?rest_route=\/wp\/v2\/posts\/417"}],"collection":[{"href":"http:\/\/minval.org\/svm\/index.php?rest_route=\/wp\/v2\/posts"}],"about":[{"href":"http:\/\/minval.org\/svm\/index.php?rest_route=\/wp\/v2\/types\/post"}],"author":[{"embeddable":true,"href":"http:\/\/minval.org\/svm\/index.php?rest_route=\/wp\/v2\/users\/3"}],"replies":[{"embeddable":true,"href":"http:\/\/minval.org\/svm\/index.php?rest_route=%2Fwp%2Fv2%2Fcomments&post=417"}],"version-history":[{"count":0,"href":"http:\/\/minval.org\/svm\/index.php?rest_route=\/wp\/v2\/posts\/417\/revisions"}],"wp:attachment":[{"href":"http:\/\/minval.org\/svm\/index.php?rest_route=%2Fwp%2Fv2%2Fmedia&parent=417"}],"wp:term":[{"taxonomy":"category","embeddable":true,"href":"http:\/\/minval.org\/svm\/index.php?rest_route=%2Fwp%2Fv2%2Fcategories&post=417"},{"taxonomy":"post_tag","embeddable":true,"href":"http:\/\/minval.org\/svm\/index.php?rest_route=%2Fwp%2Fv2%2Ftags&post=417"}],"curies":[{"name":"wp","href":"https:\/\/api.w.org\/{rel}","templated":true}]}}