{"id":427,"date":"2009-10-13T13:36:38","date_gmt":"2009-10-13T11:36:38","guid":{"rendered":"http:\/\/minval.org\/svm\/?p=427"},"modified":"2009-10-13T13:36:38","modified_gmt":"2009-10-13T11:36:38","slug":"manuel-canseco-caballe","status":"publish","type":"post","link":"http:\/\/minval.org\/svm\/?p=427","title":{"rendered":"Manuel Canseco Caball\u00e9"},"content":{"rendered":"<p><!--:es--><\/p>\n<table style=\"width: 672px; height: 386px;\" border=\"0\">\n<tbody>\n<tr>\n<td style=\"width: 150px;\">\u00a0\u00a0\u00a0\u00a0\u00a0\u00a0\u00a0\u00a0\u00a0\u00a0\u00a0\u00a0\u00a0\u00a0\u00a0\u00a0\u00a0\u00a0\u00a0\t<div class=\"ngg-gallery-singlepic-image ngg-center\" style=\"max-width: 100px\">\n\t\t\t\t<a href=\"http:\/\/minval.org\/svm\/wp-content\/gallery\/calvo-rebollar-miguel\/id078.jpg\"\n\t\t\ttitle=\"\"\n\t\t\tdata-src=\"http:\/\/minval.org\/svm\/wp-content\/gallery\/calvo-rebollar-miguel\/id078.jpg\"\n\t\t\tdata-thumbnail=\"http:\/\/minval.org\/svm\/wp-content\/gallery\/calvo-rebollar-miguel\/thumbs\/thumbs_id078.jpg\"\n\t\t\tdata-image-id=\"78\"\n\t\t\tdata-title=\"id078\"\n\t\t\tdata-description=\"\"\n\t\t\ttarget='_self'\n\t\t\tclass=\"ngg-simplelightbox\" rel=\"4037786cd57ac089d39da6957d08c82f\">\n\t\t\t<img class=\"ngg-singlepic\"\n\t\t\t\tsrc=\"http:\/\/minval.org\/svm\/wp-content\/gallery\/calvo-rebollar-miguel\/cache\/id078.jpg-nggid0278-ngg0dyn-100x0x100-00f0w010c010r110f110r010t010.jpg\"\n\t\t\t\talt=\"id078\"\n\t\t\t\ttitle=\"id078\"\n\t\t\t\t\t\t\t\t\twidth=\"100\" \t\t\t\t\t\t\t\/>\n\t\t<\/a>\n\t\t\t<\/div>\n\t\t<\/td>\n<td>\n<address><\/address>\n<h3>\u00a0Minerales de la Comunidad Valenciana<\/h3>\n<address>Casanova Honrubia, Juan Miguel<\/address>\n<address>Canseco Caball\u00e9, Manuel<\/address>\n<address>[Alicante] : Caja de Ahorros del Mediterr\u00e1neo, 2002<\/address>\n<address>237 p. : il. col. y n. ; 31 cm<\/address>\n<address>A 638-2002<\/address>\n<\/td>\n<\/tr>\n<tr>\n<td>\u00a0\t<div class=\"ngg-gallery-singlepic-image ngg-center\" style=\"max-width: 100px\">\n\t\t\t\t<a href=\"http:\/\/minval.org\/svm\/wp-content\/gallery\/calvo-rebollar-miguel\/id075.jpg\"\n\t\t\ttitle=\"\"\n\t\t\tdata-src=\"http:\/\/minval.org\/svm\/wp-content\/gallery\/calvo-rebollar-miguel\/id075.jpg\"\n\t\t\tdata-thumbnail=\"http:\/\/minval.org\/svm\/wp-content\/gallery\/calvo-rebollar-miguel\/thumbs\/thumbs_id075.jpg\"\n\t\t\tdata-image-id=\"75\"\n\t\t\tdata-title=\"id075\"\n\t\t\tdata-description=\"\"\n\t\t\ttarget='_self'\n\t\t\tclass=\"ngg-simplelightbox\" rel=\"c8c5f5f5c8ca821014bef4b417184d69\">\n\t\t\t<img class=\"ngg-singlepic\"\n\t\t\t\tsrc=\"http:\/\/minval.org\/svm\/wp-content\/gallery\/calvo-rebollar-miguel\/cache\/id075.jpg-nggid0275-ngg0dyn-100x0x100-00f0w010c010r110f110r010t010.jpg\"\n\t\t\t\talt=\"id075\"\n\t\t\t\ttitle=\"id075\"\n\t\t\t\t\t\t\t\t\twidth=\"100\" \t\t\t\t\t\t\t\/>\n\t\t<\/a>\n\t\t\t<\/div>\n\t\t<\/td>\n<td>\n<h3>Borriol<\/h3>\n<address>Xavier Allepuz Marz\u00e0&#8230;[et.al.]<\/address>\n<address>Vicent Falomir Delcampo (coordinador)<\/address>\n<address>([Castell\u00f3 de la Plana]; Castell\u00f3 de la Plana : Publicacions de la Universitat Jaume I, [2003]-2009:<br \/>\n2 v. (329, 333 p., 1 h. de l\u00e1m.) : il. col., mapas, planos ; 24, 31 cm<br \/>\nEl vol. 2 impreso en la Impremta Sichet de Vila-real<br \/>\nD.L.\u00a0CS.001-2003 (v.1)<br \/>\nD.L.\u00a0CS.151-2009 (v.2)<br \/>\nISBN\u00a084-8021-413-9<\/address>\n<\/td>\n<\/tr>\n<tr>\n<td>\t<div class=\"ngg-gallery-singlepic-image ngg-center\" style=\"max-width: 100px\">\n\t\t\t\t<a href=\"http:\/\/minval.org\/svm\/wp-content\/gallery\/calvo-rebollar-miguel\/id076.jpg\"\n\t\t\ttitle=\"\"\n\t\t\tdata-src=\"http:\/\/minval.org\/svm\/wp-content\/gallery\/calvo-rebollar-miguel\/id076.jpg\"\n\t\t\tdata-thumbnail=\"http:\/\/minval.org\/svm\/wp-content\/gallery\/calvo-rebollar-miguel\/thumbs\/thumbs_id076.jpg\"\n\t\t\tdata-image-id=\"76\"\n\t\t\tdata-title=\"id076\"\n\t\t\tdata-description=\"\"\n\t\t\ttarget='_self'\n\t\t\tclass=\"ngg-simplelightbox\" rel=\"15c7e34ed46588af7b99015683ae91e4\">\n\t\t\t<img class=\"ngg-singlepic\"\n\t\t\t\tsrc=\"http:\/\/minval.org\/svm\/wp-content\/gallery\/calvo-rebollar-miguel\/cache\/id076.jpg-nggid0276-ngg0dyn-100x0x100-00f0w010c010r110f110r010t010.jpg\"\n\t\t\t\talt=\"id076\"\n\t\t\t\ttitle=\"id076\"\n\t\t\t\t\t\t\t\t\twidth=\"100\" \t\t\t\t\t\t\t\/>\n\t\t<\/a>\n\t\t\t<\/div>\n\t\t<\/td>\n<td style=\"TEXT-ALIGN: justify\">El primer volumen tiene un cap\u00edtulo dedicado a la mineralog\u00eda del t\u00e9rmino de Borriol. Canseco, Mineralog\u00eda, p. 65-89.<\/p>\n<p style=\"TEXT-ALIGN: justify\">El segundo volumen recoge un listado del patrimonio de Borriol en el que se incluyen los principales restos mineros.<\/p>\n<\/td>\n<\/tr>\n<tr>\n<td>\u00a0<\/td>\n<td style=\"TEXT-ALIGN: right\"><a href=\"http:\/\/minval.org\/svm\/?p=302 \">volver &gt;&gt;<\/a><\/td>\n<\/tr>\n<\/tbody>\n<\/table>\n<p><!--:--><\/p>\n","protected":false},"excerpt":{"rendered":"<p>\u00a0\u00a0\u00a0\u00a0\u00a0\u00a0\u00a0\u00a0\u00a0\u00a0\u00a0\u00a0\u00a0\u00a0\u00a0\u00a0\u00a0\u00a0\u00a0 \u00a0Minerales de la Comunidad Valenciana Casanova Honrubia, Juan Miguel Canseco Caball\u00e9, Manuel [Alicante] : Caja de Ahorros del Mediterr\u00e1neo, 2002 237 p. : il. col. y n. ; 31 cm A 638-2002 \u00a0 Borriol Xavier Allepuz Marz\u00e0&#8230;[et.al.] Vicent Falomir&#8230;<\/p>\n","protected":false},"author":3,"featured_media":0,"comment_status":"closed","ping_status":"closed","sticky":false,"template":"","format":"standard","meta":{"ngg_post_thumbnail":0,"footnotes":""},"categories":[5],"tags":[9],"_links":{"self":[{"href":"http:\/\/minval.org\/svm\/index.php?rest_route=\/wp\/v2\/posts\/427"}],"collection":[{"href":"http:\/\/minval.org\/svm\/index.php?rest_route=\/wp\/v2\/posts"}],"about":[{"href":"http:\/\/minval.org\/svm\/index.php?rest_route=\/wp\/v2\/types\/post"}],"author":[{"embeddable":true,"href":"http:\/\/minval.org\/svm\/index.php?rest_route=\/wp\/v2\/users\/3"}],"replies":[{"embeddable":true,"href":"http:\/\/minval.org\/svm\/index.php?rest_route=%2Fwp%2Fv2%2Fcomments&post=427"}],"version-history":[{"count":0,"href":"http:\/\/minval.org\/svm\/index.php?rest_route=\/wp\/v2\/posts\/427\/revisions"}],"wp:attachment":[{"href":"http:\/\/minval.org\/svm\/index.php?rest_route=%2Fwp%2Fv2%2Fmedia&parent=427"}],"wp:term":[{"taxonomy":"category","embeddable":true,"href":"http:\/\/minval.org\/svm\/index.php?rest_route=%2Fwp%2Fv2%2Fcategories&post=427"},{"taxonomy":"post_tag","embeddable":true,"href":"http:\/\/minval.org\/svm\/index.php?rest_route=%2Fwp%2Fv2%2Ftags&post=427"}],"curies":[{"name":"wp","href":"https:\/\/api.w.org\/{rel}","templated":true}]}}