{"id":429,"date":"2009-10-13T13:38:19","date_gmt":"2009-10-13T11:38:19","guid":{"rendered":"http:\/\/minval.org\/svm\/?p=429"},"modified":"2009-10-13T13:38:19","modified_gmt":"2009-10-13T11:38:19","slug":"juan-miguel-casanova-honrubia","status":"publish","type":"post","link":"http:\/\/minval.org\/svm\/?p=429","title":{"rendered":"Juan Miguel Casanova Honrubia"},"content":{"rendered":"<p><!--:es--><\/p>\n<table style=\"width: 650px; height: 817px;\" border=\"0\">\n<tbody>\n<tr>\n<td style=\"width: 150px;\">\n<address>\t<div class=\"ngg-gallery-singlepic-image ngg-center\" style=\"max-width: 100px\">\n\t\t\t\t<a href=\"http:\/\/minval.org\/svm\/wp-content\/gallery\/calvo-rebollar-miguel\/id111.jpg\"\n\t\t\ttitle=\"\"\n\t\t\tdata-src=\"http:\/\/minval.org\/svm\/wp-content\/gallery\/calvo-rebollar-miguel\/id111.jpg\"\n\t\t\tdata-thumbnail=\"http:\/\/minval.org\/svm\/wp-content\/gallery\/calvo-rebollar-miguel\/thumbs\/thumbs_id111.jpg\"\n\t\t\tdata-image-id=\"258\"\n\t\t\tdata-title=\"id111\"\n\t\t\tdata-description=\"\"\n\t\t\ttarget='_self'\n\t\t\tclass=\"ngg-simplelightbox\" rel=\"ef4e40484930de4a9110f61a84a4206c\">\n\t\t\t<img class=\"ngg-singlepic\"\n\t\t\t\tsrc=\"http:\/\/minval.org\/svm\/wp-content\/gallery\/calvo-rebollar-miguel\/cache\/id111.jpg-nggid03258-ngg0dyn-100x0x100-00f0w010c010r110f110r010t010.jpg\"\n\t\t\t\talt=\"id111\"\n\t\t\t\ttitle=\"id111\"\n\t\t\t\t\t\t\t\t\twidth=\"100\" \t\t\t\t\t\t\t\/>\n\t\t<\/a>\n\t\t\t<\/div>\n\t\t<\/address>\n<\/td>\n<td>\n<h3 style=\"TEXT-ALIGN: justify\">La miner\u00eda y mineralog\u00eda de la Comunidad Valenciana : repertorio bibliogr\u00e1fico<\/h3>\n<address>\n<address>Casanova Honrubia, Juan Miguel<\/address>\n<address>Tesis de Licenciatura<\/address>\n<address>Valencia : Universidad de Valencia, Departamento de Geolog\u00eda, 1998<\/address>\n<address>286 p., 30 cm<\/address>\n<\/address>\n<address>\u00a0<\/address>\n<\/td>\n<\/tr>\n<tr>\n<td>\n<address>\u00a0<\/address>\n<address>\t<div class=\"ngg-gallery-singlepic-image ngg-center\" style=\"max-width: 100px\">\n\t\t\t\t<a href=\"http:\/\/minval.org\/svm\/wp-content\/gallery\/calvo-rebollar-miguel\/id038.jpg\"\n\t\t\ttitle=\"\"\n\t\t\tdata-src=\"http:\/\/minval.org\/svm\/wp-content\/gallery\/calvo-rebollar-miguel\/id038.jpg\"\n\t\t\tdata-thumbnail=\"http:\/\/minval.org\/svm\/wp-content\/gallery\/calvo-rebollar-miguel\/thumbs\/thumbs_id038.jpg\"\n\t\t\tdata-image-id=\"547\"\n\t\t\tdata-title=\"id038\"\n\t\t\tdata-description=\"\"\n\t\t\ttarget='_self'\n\t\t\tclass=\"ngg-simplelightbox\" rel=\"ae81178fcac81f6f1989f3292822e985\">\n\t\t\t<img class=\"ngg-singlepic\"\n\t\t\t\tsrc=\"http:\/\/minval.org\/svm\/wp-content\/gallery\/calvo-rebollar-miguel\/cache\/id038.jpg-nggid03547-ngg0dyn-100x0x100-00f0w010c010r110f110r010t010.jpg\"\n\t\t\t\talt=\"id038\"\n\t\t\t\ttitle=\"id038\"\n\t\t\t\t\t\t\t\t\twidth=\"100\" \t\t\t\t\t\t\t\/>\n\t\t<\/a>\n\t\t\t<\/div>\n\t\t<\/address>\n<\/td>\n<td>\n<h3>Royal Collection<\/h3>\n<address>Casanova Honrubia, Juan Miguel [et al&#8230;]<\/address>\n<address>Valencia ; Ciudad de las Artes y de las Ciencias, 2001<\/address>\n<address>p\u00e1g. sin numerar; il. col. ; 25 cm<\/address>\n<address>V 659-2001<\/address>\n<address>\u00a0<\/address>\n<\/td>\n<\/tr>\n<tr>\n<td>\u00a0\t<div class=\"ngg-gallery-singlepic-image ngg-center\" style=\"max-width: 100px\">\n\t\t\t\t<a href=\"http:\/\/minval.org\/svm\/wp-content\/gallery\/calvo-rebollar-miguel\/id145.jpg\"\n\t\t\ttitle=\"\"\n\t\t\tdata-src=\"http:\/\/minval.org\/svm\/wp-content\/gallery\/calvo-rebollar-miguel\/id145.jpg\"\n\t\t\tdata-thumbnail=\"http:\/\/minval.org\/svm\/wp-content\/gallery\/calvo-rebollar-miguel\/thumbs\/thumbs_id145.jpg\"\n\t\t\tdata-image-id=\"288\"\n\t\t\tdata-title=\"id145\"\n\t\t\tdata-description=\"\"\n\t\t\ttarget='_self'\n\t\t\tclass=\"ngg-simplelightbox\" rel=\"15ecd4ef16dfa1d167627a238ff13ecf\">\n\t\t\t<img class=\"ngg-singlepic\"\n\t\t\t\tsrc=\"http:\/\/minval.org\/svm\/wp-content\/gallery\/calvo-rebollar-miguel\/cache\/id145.jpg-nggid03288-ngg0dyn-100x0x100-00f0w010c010r110f110r010t010.jpg\"\n\t\t\t\talt=\"id145\"\n\t\t\t\ttitle=\"id145\"\n\t\t\t\t\t\t\t\t\twidth=\"100\" \t\t\t\t\t\t\t\/>\n\t\t<\/a>\n\t\t\t<\/div>\n\t\t<\/td>\n<td>\n<h3 style=\"TEXT-ALIGN: justify\">\u00cdndice general de los trabajos publicados por la Sociedad Espa\u00f1ola de Mineralog\u00eda. A\u00f1os: 1978 a 2001<\/h3>\n<address>Casanova Honrubia, Juan Miguel<\/address>\n<address>Ochando G\u00f3mez, Luis Enrique<\/address>\n<address>Bolet\u00edn de la Sociedad Espa\u00f1ola de Mineralog\u00eda, volumen especial 2002<\/address>\n<address>Granada : Sociedad Espa\u00f1ola de Mineralog\u00eda, 2002<\/address>\n<address>VI, 220 p. 24 cm<\/address>\n<address>GR- 491-1990<\/address>\n<\/td>\n<\/tr>\n<tr>\n<td style=\"TEXT-ALIGN: center\" colspan=\"2\">\n<address>\u00a0\u00a0Esta obra puede descargarse en la web de la <a href=\"http:\/\/www.ehu.es\/sem\/revista\/boletinSEM.htm\">SEM<\/a><\/address>\n<address>\u00a0<\/address>\n<\/td>\n<\/tr>\n<tr>\n<td style=\"width: 150px;\">\u00a0\u00a0\u00a0\u00a0\u00a0\t<div class=\"ngg-gallery-singlepic-image ngg-center\" style=\"max-width: 100px\">\n\t\t\t\t<a href=\"http:\/\/minval.org\/svm\/wp-content\/gallery\/calvo-rebollar-miguel\/id078.jpg\"\n\t\t\ttitle=\"\"\n\t\t\tdata-src=\"http:\/\/minval.org\/svm\/wp-content\/gallery\/calvo-rebollar-miguel\/id078.jpg\"\n\t\t\tdata-thumbnail=\"http:\/\/minval.org\/svm\/wp-content\/gallery\/calvo-rebollar-miguel\/thumbs\/thumbs_id078.jpg\"\n\t\t\tdata-image-id=\"78\"\n\t\t\tdata-title=\"id078\"\n\t\t\tdata-description=\"\"\n\t\t\ttarget='_self'\n\t\t\tclass=\"ngg-simplelightbox\" rel=\"4037786cd57ac089d39da6957d08c82f\">\n\t\t\t<img class=\"ngg-singlepic\"\n\t\t\t\tsrc=\"http:\/\/minval.org\/svm\/wp-content\/gallery\/calvo-rebollar-miguel\/cache\/id078.jpg-nggid0278-ngg0dyn-100x0x100-00f0w010c010r110f110r010t010.jpg\"\n\t\t\t\talt=\"id078\"\n\t\t\t\ttitle=\"id078\"\n\t\t\t\t\t\t\t\t\twidth=\"100\" \t\t\t\t\t\t\t\/>\n\t\t<\/a>\n\t\t\t<\/div>\n\t\t<\/td>\n<td>\n<h3>Minerales de la Comunidad Valenciana\u00a0<\/h3>\n<address>Casanova Honrubia, Juan Miguel<\/address>\n<address>Canseco Caball\u00e9, Manuel<\/address>\n<address>[Alicante] : Caja de Ahorros del Mediterr\u00e1neo, 2002<\/address>\n<address>237 p. : il. col. y n. ; 31 cm<\/address>\n<address>A 638-2002<\/address>\n<address>\u00a0<\/address>\n<\/td>\n<\/tr>\n<tr>\n<td>\u00a0\t<div class=\"ngg-gallery-singlepic-image ngg-center\" style=\"max-width: 100px\">\n\t\t\t\t<a href=\"http:\/\/minval.org\/svm\/wp-content\/gallery\/calvo-rebollar-miguel\/id049.jpg\"\n\t\t\ttitle=\"\"\n\t\t\tdata-src=\"http:\/\/minval.org\/svm\/wp-content\/gallery\/calvo-rebollar-miguel\/id049.jpg\"\n\t\t\tdata-thumbnail=\"http:\/\/minval.org\/svm\/wp-content\/gallery\/calvo-rebollar-miguel\/thumbs\/thumbs_id049.jpg\"\n\t\t\tdata-image-id=\"564\"\n\t\t\tdata-title=\"id049\"\n\t\t\tdata-description=\"\"\n\t\t\ttarget='_self'\n\t\t\tclass=\"ngg-simplelightbox\" rel=\"45d23ae35ec50d9bab5bb4ebfbf13b4b\">\n\t\t\t<img class=\"ngg-singlepic\"\n\t\t\t\tsrc=\"http:\/\/minval.org\/svm\/wp-content\/gallery\/calvo-rebollar-miguel\/cache\/id049.jpg-nggid03564-ngg0dyn-100x0x100-00f0w010c010r110f110r010t010.jpg\"\n\t\t\t\talt=\"id049\"\n\t\t\t\ttitle=\"id049\"\n\t\t\t\t\t\t\t\t\twidth=\"100\" \t\t\t\t\t\t\t\/>\n\t\t<\/a>\n\t\t\t<\/div>\n\t\t<\/td>\n<td>\n<h3 style=\"TEXT-ALIGN: justify\">Historia de la miner\u00eda de sal y el origen de las extracciones de roca ornamental en Pinoso : excursiones de Don Daniel Jim\u00e9nez de Cisneros<\/h3>\n<address>Monz\u00f3 Gim\u00e9nez, Juan carlos (ed.)<\/address>\n<address>Tent-Mancl\u00fas, Jos\u00e9 Enrique (ed.)\u00a0<\/address>\n<address>[Pinoso, Alicante] : Ayuntamiento de Pinoso, [2008]<\/address>\n<address>207 p. : il. col. y n., planos ; 24 cm<\/address>\n<address>Incluye reproducci\u00f3n de varios trabajos del autor, publicados en distintas revistas<\/address>\n<address>A 276-2008\u00a0<\/address>\n<\/td>\n<\/tr>\n<tr>\n<td>\t<div class=\"ngg-gallery-singlepic-image ngg-center\" style=\"max-width: 100px\">\n\t\t\t\t<a href=\"http:\/\/minval.org\/svm\/wp-content\/gallery\/calvo-rebollar-miguel\/id050.jpg\"\n\t\t\ttitle=\"\"\n\t\t\tdata-src=\"http:\/\/minval.org\/svm\/wp-content\/gallery\/calvo-rebollar-miguel\/id050.jpg\"\n\t\t\tdata-thumbnail=\"http:\/\/minval.org\/svm\/wp-content\/gallery\/calvo-rebollar-miguel\/thumbs\/thumbs_id050.jpg\"\n\t\t\tdata-image-id=\"565\"\n\t\t\tdata-title=\"id050\"\n\t\t\tdata-description=\"\"\n\t\t\ttarget='_self'\n\t\t\tclass=\"ngg-simplelightbox\" rel=\"0428f078bb70073412eb5adf4906360c\">\n\t\t\t<img class=\"ngg-singlepic\"\n\t\t\t\tsrc=\"http:\/\/minval.org\/svm\/wp-content\/gallery\/calvo-rebollar-miguel\/cache\/id050.jpg-nggid03565-ngg0dyn-100x0x100-00f0w010c010r110f110r010t010.jpg\"\n\t\t\t\talt=\"id050\"\n\t\t\t\ttitle=\"id050\"\n\t\t\t\t\t\t\t\t\twidth=\"100\" \t\t\t\t\t\t\t\/>\n\t\t<\/a>\n\t\t\t<\/div>\n\t\t\u00a0<\/td>\n<td>\n<p style=\"TEXT-ALIGN: justify\">\u00a0La obra contiene un extenso cap\u00edtulo dedicado a la miner\u00eda de la sal. Casanova Honrubia, J.M.: Historia de la miner\u00eda en el Cabezo de la Sal, 19-55\u00a0<\/p>\n<p>\u00a0<\/td>\n<\/tr>\n<tr>\n<td>\u00a0<\/p>\n<address>\t<div class=\"ngg-gallery-singlepic-image ngg-center\" style=\"max-width: 100px\">\n\t\t\t\t<a href=\"http:\/\/minval.org\/svm\/wp-content\/gallery\/calvo-rebollar-miguel\/id051.jpg\"\n\t\t\ttitle=\"\"\n\t\t\tdata-src=\"http:\/\/minval.org\/svm\/wp-content\/gallery\/calvo-rebollar-miguel\/id051.jpg\"\n\t\t\tdata-thumbnail=\"http:\/\/minval.org\/svm\/wp-content\/gallery\/calvo-rebollar-miguel\/thumbs\/thumbs_id051.jpg\"\n\t\t\tdata-image-id=\"566\"\n\t\t\tdata-title=\"id051\"\n\t\t\tdata-description=\"\"\n\t\t\ttarget='_self'\n\t\t\tclass=\"ngg-simplelightbox\" rel=\"4d9c497f921cf79b020e2f4599ddf21e\">\n\t\t\t<img class=\"ngg-singlepic\"\n\t\t\t\tsrc=\"http:\/\/minval.org\/svm\/wp-content\/gallery\/calvo-rebollar-miguel\/cache\/id051.jpg-nggid03566-ngg0dyn-100x0x100-00f0w010c010r110f110r010t010.jpg\"\n\t\t\t\talt=\"id051\"\n\t\t\t\ttitle=\"id051\"\n\t\t\t\t\t\t\t\t\twidth=\"100\" \t\t\t\t\t\t\t\/>\n\t\t<\/a>\n\t\t\t<\/div>\n\t\t<\/address>\n<\/td>\n<td>\n<h3>La miner\u00eda y mineralog\u00eda del Reino de Valencia a finales del periodo ilustrado (1746-1808)<\/h3>\n<address>Casanova Honrubia, Juan Miguel<\/address>\n<address>Tesis\u00a0Doctoral<\/address>\n<address>Valencia : Universidad de Valencia, Departamento de Geolog\u00eda, 2009<\/address>\n<address>VI,\u00a0707 p.,\u00a0il. col., 21 cm<\/address>\n<address>\u00a0<\/address>\n<\/td>\n<\/tr>\n<tr>\n<td>\u00a0<\/td>\n<td style=\"TEXT-ALIGN: right\"><a href=\"http:\/\/minval.org\/svm\/?p=302\">volver&gt;&gt;<\/a><\/td>\n<\/tr>\n<\/tbody>\n<\/table>\n<p><!--:--><\/p>\n","protected":false},"excerpt":{"rendered":"<p>La miner\u00eda y mineralog\u00eda de la Comunidad Valenciana : repertorio bibliogr\u00e1fico Casanova Honrubia, Juan Miguel Tesis de Licenciatura Valencia : Universidad de Valencia, Departamento de Geolog\u00eda, 1998 286 p., 30 cm \u00a0 \u00a0 Royal Collection Casanova Honrubia, Juan Miguel [et&#8230;<\/p>\n","protected":false},"author":3,"featured_media":0,"comment_status":"closed","ping_status":"closed","sticky":false,"template":"","format":"standard","meta":{"ngg_post_thumbnail":0,"footnotes":""},"categories":[5],"tags":[9],"_links":{"self":[{"href":"http:\/\/minval.org\/svm\/index.php?rest_route=\/wp\/v2\/posts\/429"}],"collection":[{"href":"http:\/\/minval.org\/svm\/index.php?rest_route=\/wp\/v2\/posts"}],"about":[{"href":"http:\/\/minval.org\/svm\/index.php?rest_route=\/wp\/v2\/types\/post"}],"author":[{"embeddable":true,"href":"http:\/\/minval.org\/svm\/index.php?rest_route=\/wp\/v2\/users\/3"}],"replies":[{"embeddable":true,"href":"http:\/\/minval.org\/svm\/index.php?rest_route=%2Fwp%2Fv2%2Fcomments&post=429"}],"version-history":[{"count":0,"href":"http:\/\/minval.org\/svm\/index.php?rest_route=\/wp\/v2\/posts\/429\/revisions"}],"wp:attachment":[{"href":"http:\/\/minval.org\/svm\/index.php?rest_route=%2Fwp%2Fv2%2Fmedia&parent=429"}],"wp:term":[{"taxonomy":"category","embeddable":true,"href":"http:\/\/minval.org\/svm\/index.php?rest_route=%2Fwp%2Fv2%2Fcategories&post=429"},{"taxonomy":"post_tag","embeddable":true,"href":"http:\/\/minval.org\/svm\/index.php?rest_route=%2Fwp%2Fv2%2Ftags&post=429"}],"curies":[{"name":"wp","href":"https:\/\/api.w.org\/{rel}","templated":true}]}}