{"id":435,"date":"2009-10-13T13:50:12","date_gmt":"2009-10-13T11:50:12","guid":{"rendered":"http:\/\/minval.org\/svm\/?p=435"},"modified":"2009-10-13T13:50:12","modified_gmt":"2009-10-13T11:50:12","slug":"santiago-alvarado-y-de-la-pena","status":"publish","type":"post","link":"http:\/\/minval.org\/svm\/?p=435","title":{"rendered":"Santiago Alvarado y de la Pe\u00f1a"},"content":{"rendered":"<p><!--:es--><\/p>\n<table style=\"width: 649px; height: 158px;\" border=\"0\">\n<tbody>\n<tr>\n<td style=\"width: 150px;\">\u00a0\u00a0\u00a0\u00a0\u00a0\u00a0\u00a0\u00a0\u00a0\u00a0\u00a0\u00a0\u00a0\u00a0\u00a0\u00a0\u00a0\u00a0\u00a0\u00a0\u00a0\u00a0\u00a0\u00a0\u00a0\u00a0\u00a0\u00a0\u00a0\t<div class=\"ngg-gallery-singlepic-image ngg-center\" style=\"max-width: 100px\">\n\t\t\t\t<a href=\"http:\/\/minval.org\/svm\/wp-content\/gallery\/calvo-rebollar-miguel\/id082.jpg\"\n\t\t\ttitle=\"\"\n\t\t\tdata-src=\"http:\/\/minval.org\/svm\/wp-content\/gallery\/calvo-rebollar-miguel\/id082.jpg\"\n\t\t\tdata-thumbnail=\"http:\/\/minval.org\/svm\/wp-content\/gallery\/calvo-rebollar-miguel\/thumbs\/thumbs_id082.jpg\"\n\t\t\tdata-image-id=\"82\"\n\t\t\tdata-title=\"id082\"\n\t\t\tdata-description=\"\"\n\t\t\ttarget='_self'\n\t\t\tclass=\"ngg-simplelightbox\" rel=\"0e78094e083a2ebb98f43c62100c88dc\">\n\t\t\t<img class=\"ngg-singlepic\"\n\t\t\t\tsrc=\"http:\/\/minval.org\/svm\/wp-content\/gallery\/calvo-rebollar-miguel\/cache\/id082.jpg-nggid0282-ngg0dyn-100x0x100-00f0w010c010r110f110r010t010.jpg\"\n\t\t\t\talt=\"id082\"\n\t\t\t\ttitle=\"id082\"\n\t\t\t\t\t\t\t\t\twidth=\"100\" \t\t\t\t\t\t\t\/>\n\t\t<\/a>\n\t\t\t<\/div>\n\t\t<\/td>\n<td>\n<h3 style=\"TEXT-ALIGN: justify\">El reino mineral, \u00f3 sea La mineralog\u00eda en general y en particular de Espa\u00f1a : obra en que se describen todos los minerales, piedras preciosas\u00a0\u00a0\u00a0<\/h3>\n<address>Alvarado y de la Pe\u00f1a, Santiago<\/address>\n<address>Madrid: Imprenta de Villaamil, 1832<\/address>\n<address>XVI, 293 p. ; 15 cm<\/address>\n<\/td>\n<\/tr>\n<tr>\n<td style=\"TEXT-ALIGN: center\" colspan=\"2\">\n<address>\u00a0La obra puede descargarse en la <a href=\"http:\/\/www.igme.es\/internet\/default.asp\" target=\"_blank\" rel=\"noopener noreferrer\">Biblioteca Digital del IGME<\/a><\/address>\n<address>\u00a0<\/address>\n<\/td>\n<\/tr>\n<\/tbody>\n<\/table>\n<table style=\"width: 649px; height: 207px;\" border=\"0\">\n<tbody>\n<tr>\n<td style=\"width: 150px;\">\u00a0\u00a0\u00a0\u00a0\u00a0\u00a0\u00a0\u00a0\u00a0\u00a0\u00a0\u00a0\u00a0\u00a0\u00a0\u00a0\u00a0\u00a0\u00a0\u00a0\u00a0\u00a0\u00a0\u00a0\u00a0\u00a0\u00a0\u00a0\u00a0\u00a0\t<div class=\"ngg-gallery-singlepic-image ngg-center\" style=\"max-width: 100px\">\n\t\t\t\t<a href=\"http:\/\/minval.org\/svm\/wp-content\/gallery\/calvo-rebollar-miguel\/id081.jpg\"\n\t\t\ttitle=\"\"\n\t\t\tdata-src=\"http:\/\/minval.org\/svm\/wp-content\/gallery\/calvo-rebollar-miguel\/id081.jpg\"\n\t\t\tdata-thumbnail=\"http:\/\/minval.org\/svm\/wp-content\/gallery\/calvo-rebollar-miguel\/thumbs\/thumbs_id081.jpg\"\n\t\t\tdata-image-id=\"81\"\n\t\t\tdata-title=\"id081\"\n\t\t\tdata-description=\"\"\n\t\t\ttarget='_self'\n\t\t\tclass=\"ngg-simplelightbox\" rel=\"fb0b6c9ca8110ebe4575afb1360278b5\">\n\t\t\t<img class=\"ngg-singlepic\"\n\t\t\t\tsrc=\"http:\/\/minval.org\/svm\/wp-content\/gallery\/calvo-rebollar-miguel\/cache\/id081.jpg-nggid0281-ngg0dyn-100x0x100-00f0w010c010r110f110r010t010.jpg\"\n\t\t\t\talt=\"id081\"\n\t\t\t\ttitle=\"id081\"\n\t\t\t\t\t\t\t\t\twidth=\"100\" \t\t\t\t\t\t\t\/>\n\t\t<\/a>\n\t\t\t<\/div>\n\t\t\u00a0\u00a0\u00a0\u00a0\u00a0\u00a0\u00a0\u00a0\u00a0\u00a0\u00a0\u00a0\u00a0\u00a0\u00a0\u00a0\u00a0<\/td>\n<td style=\"width: 500px;\">\n<h3 style=\"TEXT-ALIGN: justify\">El reino mineral, \u00f3 sea La mineralog\u00eda en general y en particular de Espa\u00f1a : obra en que se describen todos los minerales, piedras preciosas\u00a0\u00a0\u00a0<\/h3>\n<address>Alvarado y de la Pe\u00f1a, Santiago<\/address>\n<address>Valencia : Librer\u00edas \u00abPar\u00eds-Valencia\u00bb, [2004]<\/address>\n<address>XVI, 293 p. ; 16 cm<\/address>\n<address>V 3806-2004<\/address>\n<h4>Edici\u00f3n facs\u00edmil<\/h4>\n<\/td>\n<\/tr>\n<tr>\n<td style=\"TEXT-ALIGN: right\" colspan=\"2\">\u00a0<a href=\"http:\/\/minval.org\/svm\/?p=293 \">volver &gt;&gt;<\/a><\/td>\n<\/tr>\n<\/tbody>\n<\/table>\n<p><!--:--><\/p>\n","protected":false},"excerpt":{"rendered":"<p>\u00a0\u00a0\u00a0\u00a0\u00a0\u00a0\u00a0\u00a0\u00a0\u00a0\u00a0\u00a0\u00a0\u00a0\u00a0\u00a0\u00a0\u00a0\u00a0\u00a0\u00a0\u00a0\u00a0\u00a0\u00a0\u00a0\u00a0\u00a0\u00a0 El reino mineral, \u00f3 sea La mineralog\u00eda en general y en particular de Espa\u00f1a : obra en que se describen todos los minerales, piedras preciosas\u00a0\u00a0\u00a0 Alvarado y de la Pe\u00f1a, Santiago Madrid: Imprenta de Villaamil, 1832 XVI, 293 p&#8230;.<\/p>\n","protected":false},"author":3,"featured_media":0,"comment_status":"closed","ping_status":"closed","sticky":false,"template":"","format":"standard","meta":{"ngg_post_thumbnail":0,"footnotes":""},"categories":[5],"tags":[9],"_links":{"self":[{"href":"http:\/\/minval.org\/svm\/index.php?rest_route=\/wp\/v2\/posts\/435"}],"collection":[{"href":"http:\/\/minval.org\/svm\/index.php?rest_route=\/wp\/v2\/posts"}],"about":[{"href":"http:\/\/minval.org\/svm\/index.php?rest_route=\/wp\/v2\/types\/post"}],"author":[{"embeddable":true,"href":"http:\/\/minval.org\/svm\/index.php?rest_route=\/wp\/v2\/users\/3"}],"replies":[{"embeddable":true,"href":"http:\/\/minval.org\/svm\/index.php?rest_route=%2Fwp%2Fv2%2Fcomments&post=435"}],"version-history":[{"count":0,"href":"http:\/\/minval.org\/svm\/index.php?rest_route=\/wp\/v2\/posts\/435\/revisions"}],"wp:attachment":[{"href":"http:\/\/minval.org\/svm\/index.php?rest_route=%2Fwp%2Fv2%2Fmedia&parent=435"}],"wp:term":[{"taxonomy":"category","embeddable":true,"href":"http:\/\/minval.org\/svm\/index.php?rest_route=%2Fwp%2Fv2%2Fcategories&post=435"},{"taxonomy":"post_tag","embeddable":true,"href":"http:\/\/minval.org\/svm\/index.php?rest_route=%2Fwp%2Fv2%2Ftags&post=435"}],"curies":[{"name":"wp","href":"https:\/\/api.w.org\/{rel}","templated":true}]}}