{"id":448,"date":"2009-10-13T15:09:50","date_gmt":"2009-10-13T13:09:50","guid":{"rendered":"http:\/\/minval.org\/svm\/?p=448"},"modified":"2009-10-13T15:09:50","modified_gmt":"2009-10-13T13:09:50","slug":"guillermo-william-bowles","status":"publish","type":"post","link":"http:\/\/minval.org\/svm\/?p=448","title":{"rendered":"Guillermo [William] Bowles"},"content":{"rendered":"<p><!--:es--><\/p>\n<table border=\"0\" width=\"650\">\n<tbody>\n<tr>\n<td style=\"width: 150px;\">\u00a0\t<div class=\"ngg-gallery-singlepic-image ngg-center\" style=\"max-width: 100px\">\n\t\t\t\t<a href=\"http:\/\/minval.org\/svm\/wp-content\/gallery\/calvo-rebollar-miguel\/id159.jpg\"\n\t\t\ttitle=\"\"\n\t\t\tdata-src=\"http:\/\/minval.org\/svm\/wp-content\/gallery\/calvo-rebollar-miguel\/id159.jpg\"\n\t\t\tdata-thumbnail=\"http:\/\/minval.org\/svm\/wp-content\/gallery\/calvo-rebollar-miguel\/thumbs\/thumbs_id159.jpg\"\n\t\t\tdata-image-id=\"329\"\n\t\t\tdata-title=\"id159\"\n\t\t\tdata-description=\"\"\n\t\t\ttarget='_self'\n\t\t\tclass=\"ngg-simplelightbox\" rel=\"45d7596549f3a1f5a12db059c832ab6d\">\n\t\t\t<img class=\"ngg-singlepic\"\n\t\t\t\tsrc=\"http:\/\/minval.org\/svm\/wp-content\/gallery\/calvo-rebollar-miguel\/cache\/id159.jpg-nggid03329-ngg0dyn-100x0x100-00f0w010c010r110f110r010t010.jpg\"\n\t\t\t\talt=\"id159\"\n\t\t\t\ttitle=\"id159\"\n\t\t\t\t\t\t\t\t\twidth=\"100\" \t\t\t\t\t\t\t\/>\n\t\t<\/a>\n\t\t\t<\/div>\n\t\t\u00a0<\/td>\n<td>\n<h3>Introduccion \u00e1 la historia natural, y \u00e1 la geograf\u00eda f\u00edsica de Espa\u00f1a<\/h3>\n<address>Bowles, William<\/address>\n<address>1\u00aa edici\u00f3n<\/address>\n<address>Madrid : D. Francisco Manuel de Mena, 1775<\/address>\n<address>h. + 529 p. + 3 h.; 4\u00ba\u00a0<\/address>\n<\/td>\n<\/tr>\n<tr>\n<td colspan=\"2\">\n<address style=\"TEXT-ALIGN: center\">\u00a0La obra puede descargarse de la <a href=\"http:\/\/www.igme.es\/internet\/default.asp\" target=\"_blank\" rel=\"noopener noreferrer\">Biblioteca Digital del IGME<\/a>\u00a0<\/address>\n<address style=\"TEXT-ALIGN: center\">\u00a0<\/address>\n<\/td>\n<\/tr>\n<tr>\n<td>\u00a0<\/td>\n<td>\n<h3>Introduccion \u00e1 la historia natural, y \u00e1 la geograf\u00eda f\u00edsica de Espa\u00f1a<\/h3>\n<address>Bowles, William<\/address>\n<address>2\u00aa edici\u00f3n, corregida<\/address>\n<address>Madrid : Imprenta Real, 1782<\/address>\n<address>11h, 354 p., xx cm<\/address>\n<address>\u00a0<\/address>\n<\/td>\n<\/tr>\n<tr>\n<td style=\"width: 150px;\">\t<div class=\"ngg-gallery-singlepic-image ngg-center\" style=\"max-width: 100px\">\n\t\t\t\t<a href=\"http:\/\/minval.org\/svm\/wp-content\/gallery\/calvo-rebollar-miguel\/id158.jpg\"\n\t\t\ttitle=\"\"\n\t\t\tdata-src=\"http:\/\/minval.org\/svm\/wp-content\/gallery\/calvo-rebollar-miguel\/id158.jpg\"\n\t\t\tdata-thumbnail=\"http:\/\/minval.org\/svm\/wp-content\/gallery\/calvo-rebollar-miguel\/thumbs\/thumbs_id158.jpg\"\n\t\t\tdata-image-id=\"328\"\n\t\t\tdata-title=\"id158\"\n\t\t\tdata-description=\"\"\n\t\t\ttarget='_self'\n\t\t\tclass=\"ngg-simplelightbox\" rel=\"20ecfb6a657dae0dafca4cfdf1c5aa40\">\n\t\t\t<img class=\"ngg-singlepic\"\n\t\t\t\tsrc=\"http:\/\/minval.org\/svm\/wp-content\/gallery\/calvo-rebollar-miguel\/cache\/id158.jpg-nggid03328-ngg0dyn-100x0x100-00f0w010c010r110f110r010t010.jpg\"\n\t\t\t\talt=\"id158\"\n\t\t\t\ttitle=\"id158\"\n\t\t\t\t\t\t\t\t\twidth=\"100\" \t\t\t\t\t\t\t\/>\n\t\t<\/a>\n\t\t\t<\/div>\n\t\t\u00a0\u00a0\u00a0\u00a0\u00a0\u00a0\u00a0\u00a0<\/td>\n<td>\n<h3>Introduccion \u00e1 la historia natural, y \u00e1 la geograf\u00eda f\u00edsica de Espa\u00f1a<\/h3>\n<address>Bowles, William<\/address>\n<address>3\u00aa edici\u00f3n<\/address>\n<address>Madrid : Imprenta Real, 1789<\/address>\n<address>11h, 354 p., xx cm\u00a0\u00a0\u00a0<\/address>\n<\/td>\n<\/tr>\n<tr>\n<td colspan=\"2\">\n<address style=\"TEXT-ALIGN: center\">\u00a0La obra est\u00e1 disponible en <a href=\"http:\/\/books.google.es\/books?id=BMjPyN2_vyIC&amp;printsec=frontcover&amp;dq=inauthor:guillermo+inauthor:bowles&amp;lr=&amp;as_drrb_is=q&amp;as_minm_is=0&amp;as_miny_is=&amp;as_maxm_is=0&amp;as_maxy_is=&amp;as_brr=0&amp;ei=dYTgSrGeMJWczgS_yonMBg#v=onepage&amp;q=&amp;f=false\" target=\"_blank\" rel=\"noopener noreferrer\">Google libros<\/a>\u00a0<\/address>\n<\/td>\n<\/tr>\n<tr>\n<td style=\"TEXT-ALIGN: center\" colspan=\"2\">\n<address>La obra puede descargarse en la <a href=\"http:\/\/www.igme.es\/internet\/default.asp\" target=\"_blank\" rel=\"noopener noreferrer\">Biblioteca Digital del IGME<\/a><\/address>\n<address>\u00a0<\/address>\n<\/td>\n<\/tr>\n<tr>\n<td style=\"width: 150px;\">\t<div class=\"ngg-gallery-singlepic-image ngg-center\" style=\"max-width: 100px\">\n\t\t\t\t<a href=\"http:\/\/minval.org\/svm\/wp-content\/gallery\/calvo-rebollar-miguel\/id261.jpg\"\n\t\t\ttitle=\"\"\n\t\t\tdata-src=\"http:\/\/minval.org\/svm\/wp-content\/gallery\/calvo-rebollar-miguel\/id261.jpg\"\n\t\t\tdata-thumbnail=\"http:\/\/minval.org\/svm\/wp-content\/gallery\/calvo-rebollar-miguel\/thumbs\/thumbs_id261.jpg\"\n\t\t\tdata-image-id=\"442\"\n\t\t\tdata-title=\"id261\"\n\t\t\tdata-description=\"\"\n\t\t\ttarget='_self'\n\t\t\tclass=\"ngg-simplelightbox\" rel=\"de02e4959e97b12871e3df8b92930bc9\">\n\t\t\t<img class=\"ngg-singlepic\"\n\t\t\t\tsrc=\"http:\/\/minval.org\/svm\/wp-content\/gallery\/calvo-rebollar-miguel\/cache\/id261.jpg-nggid03442-ngg0dyn-100x0x100-00f0w010c010r110f110r010t010.jpg\"\n\t\t\t\talt=\"id261\"\n\t\t\t\ttitle=\"id261\"\n\t\t\t\t\t\t\t\t\twidth=\"100\" \t\t\t\t\t\t\t\/>\n\t\t<\/a>\n\t\t\t<\/div>\n\t\t<\/td>\n<td>\n<h3>Introduccion \u00e1 la historia natural, y \u00e1 la geograf\u00eda f\u00edsica de Espa\u00f1a<\/h3>\n<address>Bowles, William<\/address>\n<address>[Madrid : Poniente], D.L. 1982<\/address>\n<address>(pag. var.) ; 25 cm<\/address>\n<address>Reproducci\u00f3n facs\u00edmil de la ed. de: Madrid: Francisco Manuel de Mena, 1775.<\/address>\n<address>M 40039-1982<\/address>\n<h4>Edici\u00f3n facs\u00edmil<\/h4>\n<\/td>\n<\/tr>\n<tr>\n<td style=\"width: 150px;\">\t<div class=\"ngg-gallery-singlepic-image ngg-center\" style=\"max-width: 100px\">\n\t\t\t\t<a href=\"http:\/\/minval.org\/svm\/wp-content\/gallery\/calvo-rebollar-miguel\/id157.jpg\"\n\t\t\ttitle=\"\"\n\t\t\tdata-src=\"http:\/\/minval.org\/svm\/wp-content\/gallery\/calvo-rebollar-miguel\/id157.jpg\"\n\t\t\tdata-thumbnail=\"http:\/\/minval.org\/svm\/wp-content\/gallery\/calvo-rebollar-miguel\/thumbs\/thumbs_id157.jpg\"\n\t\t\tdata-image-id=\"327\"\n\t\t\tdata-title=\"id157\"\n\t\t\tdata-description=\"\"\n\t\t\ttarget='_self'\n\t\t\tclass=\"ngg-simplelightbox\" rel=\"2ff1c99931bf498d0a8b06cfb01bfbd2\">\n\t\t\t<img class=\"ngg-singlepic\"\n\t\t\t\tsrc=\"http:\/\/minval.org\/svm\/wp-content\/gallery\/calvo-rebollar-miguel\/cache\/id157.jpg-nggid03327-ngg0dyn-100x0x100-00f0w010c010r110f110r010t010.jpg\"\n\t\t\t\talt=\"id157\"\n\t\t\t\ttitle=\"id157\"\n\t\t\t\t\t\t\t\t\twidth=\"100\" \t\t\t\t\t\t\t\/>\n\t\t<\/a>\n\t\t\t<\/div>\n\t\t\u00a0\u00a0\u00a0\u00a0\u00a0\u00a0\u00a0\u00a0\u00a0<\/td>\n<td>\n<h3>Introduccion \u00e1 la historia natural, y \u00e1 la geograf\u00eda f\u00edsica de Espa\u00f1a<\/h3>\n<address>Bowles, William<\/address>\n<address>Valencia : Par\u00eds-Valencia, [2003]<\/address>\n<address>[24], 554 p. ; 22 cm<\/address>\n<address>V 501-2003\u00a0<\/address>\n<h4>Edici\u00f3n facs\u00edmil\u00a0<\/h4>\n<\/td>\n<\/tr>\n<tr>\n<td style=\"width: 150px;\">\u00a0\u00a0\t<div class=\"ngg-gallery-singlepic-image ngg-center\" style=\"max-width: 100px\">\n\t\t\t\t<a href=\"http:\/\/minval.org\/svm\/wp-content\/gallery\/calvo-rebollar-miguel\/id156_0.jpg\"\n\t\t\ttitle=\"\"\n\t\t\tdata-src=\"http:\/\/minval.org\/svm\/wp-content\/gallery\/calvo-rebollar-miguel\/id156_0.jpg\"\n\t\t\tdata-thumbnail=\"http:\/\/minval.org\/svm\/wp-content\/gallery\/calvo-rebollar-miguel\/thumbs\/thumbs_id156_0.jpg\"\n\t\t\tdata-image-id=\"326\"\n\t\t\tdata-title=\"id156_0\"\n\t\t\tdata-description=\"\"\n\t\t\ttarget='_self'\n\t\t\tclass=\"ngg-simplelightbox\" rel=\"319c3b954231ea06d475c31c8b1e1c24\">\n\t\t\t<img class=\"ngg-singlepic\"\n\t\t\t\tsrc=\"http:\/\/minval.org\/svm\/wp-content\/gallery\/calvo-rebollar-miguel\/cache\/id156_0.jpg-nggid03326-ngg0dyn-100x0x100-00f0w010c010r110f110r010t010.jpg\"\n\t\t\t\talt=\"id156_0\"\n\t\t\t\ttitle=\"id156_0\"\n\t\t\t\t\t\t\t\t\twidth=\"100\" \t\t\t\t\t\t\t\/>\n\t\t<\/a>\n\t\t\t<\/div>\n\t\t\u00a0\u00a0\u00a0\u00a0\u00a0<\/td>\n<td>\n<h3>Introduccion \u00e1 la historia natural, y \u00e1 la geograf\u00eda f\u00edsica de Espa\u00f1a<\/h3>\n<address>Bowles, William<\/address>\n<address>Valladolid : Maxtor, [2007]<\/address>\n<address>[8], 529 p. ; 15 cm<\/address>\n<address>\n<address>VA 342-2007<\/address>\n<h4>Edici\u00f3n facs\u00edmil\u00a0<\/h4>\n<\/address>\n<\/td>\n<\/tr>\n<tr>\n<td>\u00a0<\/td>\n<td style=\"TEXT-ALIGN: right\">\u00a0\u00a0<a href=\"http:\/\/minval.org\/svm\/?p=299 \">volver &gt;&gt;<\/a><\/td>\n<\/tr>\n<\/tbody>\n<\/table>\n<p><!--:--><\/p>\n","protected":false},"excerpt":{"rendered":"<p>\u00a0\u00a0 Introduccion \u00e1 la historia natural, y \u00e1 la geograf\u00eda f\u00edsica de Espa\u00f1a Bowles, William 1\u00aa edici\u00f3n Madrid : D. Francisco Manuel de Mena, 1775 h. + 529 p. + 3 h.; 4\u00ba\u00a0 \u00a0La obra puede descargarse de la Biblioteca&#8230;<\/p>\n","protected":false},"author":3,"featured_media":0,"comment_status":"closed","ping_status":"closed","sticky":false,"template":"","format":"standard","meta":{"ngg_post_thumbnail":0,"footnotes":""},"categories":[5],"tags":[9],"_links":{"self":[{"href":"http:\/\/minval.org\/svm\/index.php?rest_route=\/wp\/v2\/posts\/448"}],"collection":[{"href":"http:\/\/minval.org\/svm\/index.php?rest_route=\/wp\/v2\/posts"}],"about":[{"href":"http:\/\/minval.org\/svm\/index.php?rest_route=\/wp\/v2\/types\/post"}],"author":[{"embeddable":true,"href":"http:\/\/minval.org\/svm\/index.php?rest_route=\/wp\/v2\/users\/3"}],"replies":[{"embeddable":true,"href":"http:\/\/minval.org\/svm\/index.php?rest_route=%2Fwp%2Fv2%2Fcomments&post=448"}],"version-history":[{"count":0,"href":"http:\/\/minval.org\/svm\/index.php?rest_route=\/wp\/v2\/posts\/448\/revisions"}],"wp:attachment":[{"href":"http:\/\/minval.org\/svm\/index.php?rest_route=%2Fwp%2Fv2%2Fmedia&parent=448"}],"wp:term":[{"taxonomy":"category","embeddable":true,"href":"http:\/\/minval.org\/svm\/index.php?rest_route=%2Fwp%2Fv2%2Fcategories&post=448"},{"taxonomy":"post_tag","embeddable":true,"href":"http:\/\/minval.org\/svm\/index.php?rest_route=%2Fwp%2Fv2%2Ftags&post=448"}],"curies":[{"name":"wp","href":"https:\/\/api.w.org\/{rel}","templated":true}]}}