{"id":45,"date":"2009-08-18T19:45:01","date_gmt":"2009-08-18T17:45:01","guid":{"rendered":"http:\/\/192.168.1.33\/wp2\/?p=45"},"modified":"2009-08-18T19:45:01","modified_gmt":"2009-08-18T17:45:01","slug":"acta-numero-2","status":"publish","type":"post","link":"http:\/\/minval.org\/svm\/?p=45","title":{"rendered":"Acta n\u00famero 2"},"content":{"rendered":"<p><!--:es--><\/p>\n<p align=\"center\">ACTA 2<\/p>\n<p>\u00a0A las 13:30 horas del d\u00eda 29 de noviembre de 2008, se re\u00fanen en el Sal\u00f3n cafeter\u00eda de Nuevo Centro en Valencia, miembros de la Sociedad Valenciana de Mineralog\u00eda, con el siguiente orden del d\u00eda:<\/p>\n<ol>\n<li>Lectura por el Secretario del Acta de la asamblea anterior y votaci\u00f3n para su aprobaci\u00f3n.<\/li>\n<li>Informe del Presidente de las Actividades Realizadas durante el ejercicio del 2008.<\/li>\n<li>Lectura de las Cuentas Anuales.<\/li>\n<li>Propuestas de la Directiva para el ejercicio 2009.<\/li>\n<li>Propuestas, ruegos y preguntas.<\/li>\n<\/ol>\n<p>Una vez le\u00edda el acta de la sesi\u00f3n anterior por el Secretario, fue aprobada por unanimidad.<\/p>\n<p>En el segundo punto del orden del d\u00eda, el informe lo realiz\u00f3 D. Francisco Mayor, miembro de la junta directiva, por estar convaleciente el Sr. Presidente, que a pesar de eso estuvo presente en la asamblea.<\/p>\n<p>Inform\u00f3 de la pronta salida de la p\u00e1gina Web que ya est\u00e1 casi terminada y que sustituir\u00e1 a la que se ve en la actualidad.<\/p>\n<p>Explic\u00f3 a continuaci\u00f3n las gestiones que se realizaron con el Ayuntamiento de Soneja y que culminaron con la gesti\u00f3n por la SVM de una sala de exposici\u00f3n, que la SVM dise\u00f1\u00f3 con paneles explicativos y ejemplares expositivos. Hay suscrito un convenio para nuevas iniciativas.<\/p>\n<p>Sigui\u00f3 relatando la excursi\u00f3n a Tor\u00e1s y Soneja del d\u00eda de la Sociedad que se hizo el 11 de mayo de 2008 y a la que, a pesar del tiempo adverso, asistieron 90 personas. En ella hubo adem\u00e1s intercambio de minerales y concurso infantil.<\/p>\n<p>Por \u00faltimo inform\u00f3 de la participaci\u00f3n de la SVM en una exposici\u00f3n en Gand\u00eda, con dos vitrinas, una de 50 minerales y otra de 25 meteoritos de la colecci\u00f3n de Francisco mayor, que tuvo mucho \u00e9xito entre los asistentes.<\/p>\n<p>\u00a0<\/p>\n<p>En el tercer punto, el tesorero expuso la situaci\u00f3n financiera, teniendo la Sociedad en estos momentos 3945, 11 euros.<\/p>\n<p>\u00a0<\/p>\n<p>En el cuarto punto, se fijaron como objetivos los siguientes.<\/p>\n<ul>\n<li>Finalizaci\u00f3n de la p\u00e1gina Web.<\/li>\n<li>Firmar un acuerdo de colaboraci\u00f3n con una Fundaci\u00f3n de prestigio, para la identificaci\u00f3n de minerales<\/li>\n<li>Realizaci\u00f3n de exposiciones en el Museo de Soneja, acompa\u00f1adas, si es posible, de actividades culturales como macrofotograf\u00eda, bateo de oro, etc.<\/li>\n<li>Participaci\u00f3n de la SVM en la feria de Castell\u00f3n con un stand<\/li>\n<li>En un futuro, crear una comisi\u00f3n para la edici\u00f3n de una revista<\/li>\n<\/ul>\n<p>Para poner la base de datos en la p\u00e1gina Web a disposici\u00f3n general y para que tenga la seriedad y prestigio que se espera, se aprob\u00f3, que cada socio tendr\u00eda una contrase\u00f1a personal, con la que podr\u00eda entrar a colgar cualquier imagen o informaci\u00f3n que creyera pertinente, que si no era socio, habr\u00eda que solicitar una a los administradores y que ser\u00edan \u00e9stos los que tendr\u00edan permiso para borrar o modificar cualquier informaci\u00f3n o imagen, a petici\u00f3n de la persona que la hubiera colgado o, despu\u00e9s de consultar con el interesado o la interesada, quitar lo que fuera incierto o no contrastado.<\/p>\n<p>\u00a0<\/p>\n<p>En el quinto punto, el D. Juan Navas pregunt\u00f3 si en el convenio de identificaci\u00f3n se podr\u00edan a\u00f1adir ejemplares de fuera de la Comunidad. La asamblea opin\u00f3 que no hab\u00eda inconveniente, siempre que se diera prioridad a los de la Comunidad Valenciana.<\/p>\n<p>D. Jos\u00e9 M\u00aa Jorge, se ofreci\u00f3 para gestionar el an\u00e1lisis de muestras de forma gratuita.<\/p>\n<p>Y sin m\u00e1s asuntos que tratar se levant\u00f3 la sesi\u00f3n a las 14:30 horas de la cual, como secretario, manifiesto.<\/p>\n<p>Manuel Canseco Caball\u00e9<!--:--><\/p>\n","protected":false},"excerpt":{"rendered":"<p>ACTA 2 \u00a0A las 13:30 horas del d\u00eda 29 de noviembre de 2008, se re\u00fanen en el Sal\u00f3n cafeter\u00eda de Nuevo Centro en Valencia, miembros de la Sociedad Valenciana de Mineralog\u00eda, con el siguiente orden del d\u00eda: Lectura por el&#8230;<\/p>\n","protected":false},"author":1,"featured_media":0,"comment_status":"closed","ping_status":"closed","sticky":false,"template":"","format":"standard","meta":{"ngg_post_thumbnail":0,"footnotes":""},"categories":[2],"tags":[],"_links":{"self":[{"href":"http:\/\/minval.org\/svm\/index.php?rest_route=\/wp\/v2\/posts\/45"}],"collection":[{"href":"http:\/\/minval.org\/svm\/index.php?rest_route=\/wp\/v2\/posts"}],"about":[{"href":"http:\/\/minval.org\/svm\/index.php?rest_route=\/wp\/v2\/types\/post"}],"author":[{"embeddable":true,"href":"http:\/\/minval.org\/svm\/index.php?rest_route=\/wp\/v2\/users\/1"}],"replies":[{"embeddable":true,"href":"http:\/\/minval.org\/svm\/index.php?rest_route=%2Fwp%2Fv2%2Fcomments&post=45"}],"version-history":[{"count":0,"href":"http:\/\/minval.org\/svm\/index.php?rest_route=\/wp\/v2\/posts\/45\/revisions"}],"wp:attachment":[{"href":"http:\/\/minval.org\/svm\/index.php?rest_route=%2Fwp%2Fv2%2Fmedia&parent=45"}],"wp:term":[{"taxonomy":"category","embeddable":true,"href":"http:\/\/minval.org\/svm\/index.php?rest_route=%2Fwp%2Fv2%2Fcategories&post=45"},{"taxonomy":"post_tag","embeddable":true,"href":"http:\/\/minval.org\/svm\/index.php?rest_route=%2Fwp%2Fv2%2Ftags&post=45"}],"curies":[{"name":"wp","href":"https:\/\/api.w.org\/{rel}","templated":true}]}}