{"id":474,"date":"2009-10-13T18:39:57","date_gmt":"2009-10-13T16:39:57","guid":{"rendered":"http:\/\/minval.org\/svm\/?p=474"},"modified":"2009-10-13T18:39:57","modified_gmt":"2009-10-13T16:39:57","slug":"emilio-galan-huertos","status":"publish","type":"post","link":"http:\/\/minval.org\/svm\/?p=474","title":{"rendered":"Emilio Gal\u00e1n Huertos"},"content":{"rendered":"<p><!--:es--><\/p>\n<table border=\"0\" width=\"650\">\n<tbody>\n<tr>\n<td style=\"width: 150px;\">\u00a0\t<div class=\"ngg-gallery-singlepic-image ngg-center\" style=\"max-width: 100px\">\n\t\t\t\t<a href=\"http:\/\/minval.org\/svm\/wp-content\/gallery\/calvo-rebollar-miguel\/id182.jpg\"\n\t\t\ttitle=\"\"\n\t\t\tdata-src=\"http:\/\/minval.org\/svm\/wp-content\/gallery\/calvo-rebollar-miguel\/id182.jpg\"\n\t\t\tdata-thumbnail=\"http:\/\/minval.org\/svm\/wp-content\/gallery\/calvo-rebollar-miguel\/thumbs\/thumbs_id182.jpg\"\n\t\t\tdata-image-id=\"362\"\n\t\t\tdata-title=\"id182\"\n\t\t\tdata-description=\"\"\n\t\t\ttarget='_self'\n\t\t\tclass=\"ngg-simplelightbox\" rel=\"051e401e1a49016b4e5776eee3cbf6ba\">\n\t\t\t<img class=\"ngg-singlepic\"\n\t\t\t\tsrc=\"http:\/\/minval.org\/svm\/wp-content\/gallery\/calvo-rebollar-miguel\/cache\/id182.jpg-nggid03362-ngg0dyn-100x0x100-00f0w010c010r110f110r010t010.jpg\"\n\t\t\t\talt=\"id182\"\n\t\t\t\ttitle=\"id182\"\n\t\t\t\t\t\t\t\t\twidth=\"100\" \t\t\t\t\t\t\t\/>\n\t\t<\/a>\n\t\t\t<\/div>\n\t\t<\/td>\n<td>\n<h3>El caol\u00edn en Espa\u00f1a : Caracter\u00edsticas, identificaci\u00f3n y ensayos cer\u00e1micos \u00a0\u00a0<\/h3>\n<address>Gal\u00e1n Huertos, Emilio<\/address>\n<address>Arganda del Rey [Madrid] : Sociedad Espa\u00f1ola de Cer\u00e1mica y Vidrio, 1974<\/address>\n<address>XIX, 230 p. : l\u00e1m. neg. y col., grab. ; 22 cm<\/address>\n<address>\u00a0<\/address>\n<\/td>\n<\/tr>\n<tr>\n<td>\u00a0<\/td>\n<td>\n<h3>Ideas generales sobre la geolog\u00eda y recursos de Extremadura<\/h3>\n<address>Gal\u00e1n\u00a0Huertos, Emilio<\/address>\n<address>Badajoz : Departamento de Geolog\u00eda [Cristalograf\u00eda y Mineralog\u00eda]. Facultad de Ciencias, Universidad de Extremadura, 1977<\/address>\n<address>49 p. ; 24 cm<\/address>\n<address>Precede al t\u00edt.: Instituto de Ciencias de la Educaci\u00f3n<\/address>\n<address>BA 320-1977<\/address>\n<address>\u00a0<\/address>\n<\/td>\n<\/tr>\n<tr>\n<td>\u00a0\t<div class=\"ngg-gallery-singlepic-image ngg-center\" style=\"max-width: 100px\">\n\t\t\t\t<a href=\"http:\/\/minval.org\/svm\/wp-content\/gallery\/calvo-rebollar-miguel\/id184.jpg\"\n\t\t\ttitle=\"\"\n\t\t\tdata-src=\"http:\/\/minval.org\/svm\/wp-content\/gallery\/calvo-rebollar-miguel\/id184.jpg\"\n\t\t\tdata-thumbnail=\"http:\/\/minval.org\/svm\/wp-content\/gallery\/calvo-rebollar-miguel\/thumbs\/thumbs_id184.jpg\"\n\t\t\tdata-image-id=\"364\"\n\t\t\tdata-title=\"id184\"\n\t\t\tdata-description=\"\"\n\t\t\ttarget='_self'\n\t\t\tclass=\"ngg-simplelightbox\" rel=\"7a00f68866037c46986962263dda010f\">\n\t\t\t<img class=\"ngg-singlepic\"\n\t\t\t\tsrc=\"http:\/\/minval.org\/svm\/wp-content\/gallery\/calvo-rebollar-miguel\/cache\/id184.jpg-nggid03364-ngg0dyn-100x0x100-00f0w010c010r110f110r010t010.jpg\"\n\t\t\t\talt=\"id184\"\n\t\t\t\ttitle=\"id184\"\n\t\t\t\t\t\t\t\t\twidth=\"100\" \t\t\t\t\t\t\t\/>\n\t\t<\/a>\n\t\t\t<\/div>\n\t\t<\/td>\n<td>\n<h3>Introducci\u00f3n a los minerales de Espa\u00f1a \u00a0\u00a0\u00a0\u00a0\u00a0\u00a0\u00a0\u00a0\u00a0\u00a0\u00a0\u00a0<\/h3>\n<address>Gal\u00e1n Huertos, Emilio<\/address>\n<address>Mirete Mayo, Salvador<\/address>\n<address>Madrid : Instituto Geologico y Minero de Espa\u00f1a, imp. 1979<\/address>\n<address>420 p., 1 h. : il. neg. y col. ; 28 cm<\/address>\n<address>M 38229-1979\u00a0<\/address>\n<address>\u00a0<\/address>\n<\/td>\n<\/tr>\n<tr>\n<td>\u00a0\t<div class=\"ngg-gallery-singlepic-image ngg-center\" style=\"max-width: 100px\">\n\t\t\t\t<a href=\"http:\/\/minval.org\/svm\/wp-content\/gallery\/calvo-rebollar-miguel\/id165.jpg\"\n\t\t\ttitle=\"\"\n\t\t\tdata-src=\"http:\/\/minval.org\/svm\/wp-content\/gallery\/calvo-rebollar-miguel\/id165.jpg\"\n\t\t\tdata-thumbnail=\"http:\/\/minval.org\/svm\/wp-content\/gallery\/calvo-rebollar-miguel\/thumbs\/thumbs_id165.jpg\"\n\t\t\tdata-image-id=\"365\"\n\t\t\tdata-title=\"id165\"\n\t\t\tdata-description=\"\"\n\t\t\ttarget='_self'\n\t\t\tclass=\"ngg-simplelightbox\" rel=\"fb20679d2e4c6ab960a1b1c85f716df4\">\n\t\t\t<img class=\"ngg-singlepic\"\n\t\t\t\tsrc=\"http:\/\/minval.org\/svm\/wp-content\/gallery\/calvo-rebollar-miguel\/cache\/id165.jpg-nggid03365-ngg0dyn-100x0x100-00f0w010c010r110f110r010t010.jpg\"\n\t\t\t\talt=\"id165\"\n\t\t\t\ttitle=\"id165\"\n\t\t\t\t\t\t\t\t\twidth=\"100\" \t\t\t\t\t\t\t\/>\n\t\t<\/a>\n\t\t\t<\/div>\n\t\t<\/td>\n<td>\n<h3>Mapa Gemol\u00f3gico y previsor de Espa\u00f1a<\/h3>\n<address>Garc\u00eda Guinea, Javier<\/address>\n<address>Gal\u00e1n Huertos, Emilio<\/address>\n<address>[Madrid] : Instituto Geol\u00f3gico y Minero de Espa\u00f1a : Instituto Gemol\u00f3gico Espa\u00f1ol, 1986<\/address>\n<address>1 mapa col.;94 x 130 cm<\/address>\n<address>\u00a0<\/address>\n<\/td>\n<\/tr>\n<tr>\n<td>\u00a0<\/td>\n<td>\n<h3>Gu\u00eda del Museo de Geolog\u00eda de la Universidad de Sevilla : experiencias did\u00e1cticas para una visita<\/h3>\n<address>Gal\u00e1n Huertos, Emilio<\/address>\n<address>Sevilla : Universidad de Sevilla. Museo de Geolog\u00eda , 1993<\/address>\n<address>180 p. : il. col y n. ; 25 cm<\/address>\n<address>S 214-1993<\/address>\n<address>\u00a0<\/address>\n<\/td>\n<\/tr>\n<tr>\n<td>\u00a0<\/td>\n<td>\n<h3>Inventario actualizado del Museo de Geolog\u00eda, Universidad de Sevilla, 2002<\/h3>\n<address>Gal\u00e1n Huertos, Emilio<\/address>\n<address>Mayoral Alfaro, Eduardo<\/address>\n<address>Gal\u00e1n \u00c1vila, Paloma \u00a0\u00a0\u00a0<\/address>\n<address>Sevilla : Secretariado de Publicaciones, Universidad de Sevilla, Museo de Geolog\u00eda, 2002<\/address>\n<address>574 p. ; 24 cm<\/address>\n<address>Ciencias ; n. 65<\/address>\n<address>M 25776-2001\u00a0<\/address>\n<address>\u00a0<\/address>\n<\/td>\n<\/tr>\n<tr>\n<td>\u00a0\t<div class=\"ngg-gallery-singlepic-image ngg-center\" style=\"max-width: 100px\">\n\t\t\t\t<a href=\"http:\/\/minval.org\/svm\/wp-content\/gallery\/calvo-rebollar-miguel\/id183.jpg\"\n\t\t\ttitle=\"\"\n\t\t\tdata-src=\"http:\/\/minval.org\/svm\/wp-content\/gallery\/calvo-rebollar-miguel\/id183.jpg\"\n\t\t\tdata-thumbnail=\"http:\/\/minval.org\/svm\/wp-content\/gallery\/calvo-rebollar-miguel\/thumbs\/thumbs_id183.jpg\"\n\t\t\tdata-image-id=\"363\"\n\t\t\tdata-title=\"id183\"\n\t\t\tdata-description=\"\"\n\t\t\ttarget='_self'\n\t\t\tclass=\"ngg-simplelightbox\" rel=\"698e3468e0e4ddf49fe828ec1eceb35a\">\n\t\t\t<img class=\"ngg-singlepic\"\n\t\t\t\tsrc=\"http:\/\/minval.org\/svm\/wp-content\/gallery\/calvo-rebollar-miguel\/cache\/id183.jpg-nggid03363-ngg0dyn-100x0x100-00f0w010c010r110f110r010t010.jpg\"\n\t\t\t\talt=\"id183\"\n\t\t\t\ttitle=\"id183\"\n\t\t\t\t\t\t\t\t\twidth=\"100\" \t\t\t\t\t\t\t\/>\n\t\t<\/a>\n\t\t\t<\/div>\n\t\t<\/td>\n<td>\n<h3>Mineralog\u00eda aplicada<\/h3>\n<address>Gal\u00e1n Huertos, Emilio<\/address>\n<address>Madrid : S\u00edntesis, [2003]<\/address>\n<address>429 p. : il. col. y n., gr\u00e1f. ; 24 cm<\/address>\n<address>M 35598-2003<\/address>\n<address>\u00a0<\/address>\n<address>En la port.: Universidad Internacional de Andaluc\u00eda; Sociedad Espa\u00f1ola de Mineralog\u00eda<\/address>\n<address>Recoge las lecciones del curso organizado por la Universidad Internacional de Andaluc\u00eda, en Sevilla, del 4 al 8 de junio de 2001<\/address>\n<\/td>\n<\/tr>\n<tr>\n<td>\u00a0<\/td>\n<td>\n<p style=\"TEXT-ALIGN: right\"><a href=\"http:\/\/minval.org\/svm\/?p=309\">volver &gt;&gt;<\/a><\/p>\n<\/td>\n<\/tr>\n<\/tbody>\n<\/table>\n<p><!--:--><\/p>\n","protected":false},"excerpt":{"rendered":"<p>\u00a0 El caol\u00edn en Espa\u00f1a : Caracter\u00edsticas, identificaci\u00f3n y ensayos cer\u00e1micos \u00a0\u00a0 Gal\u00e1n Huertos, Emilio Arganda del Rey [Madrid] : Sociedad Espa\u00f1ola de Cer\u00e1mica y Vidrio, 1974 XIX, 230 p. : l\u00e1m. neg. y col., grab. ; 22 cm \u00a0&#8230;<\/p>\n","protected":false},"author":3,"featured_media":0,"comment_status":"closed","ping_status":"closed","sticky":false,"template":"","format":"standard","meta":{"ngg_post_thumbnail":0,"footnotes":""},"categories":[5],"tags":[9],"_links":{"self":[{"href":"http:\/\/minval.org\/svm\/index.php?rest_route=\/wp\/v2\/posts\/474"}],"collection":[{"href":"http:\/\/minval.org\/svm\/index.php?rest_route=\/wp\/v2\/posts"}],"about":[{"href":"http:\/\/minval.org\/svm\/index.php?rest_route=\/wp\/v2\/types\/post"}],"author":[{"embeddable":true,"href":"http:\/\/minval.org\/svm\/index.php?rest_route=\/wp\/v2\/users\/3"}],"replies":[{"embeddable":true,"href":"http:\/\/minval.org\/svm\/index.php?rest_route=%2Fwp%2Fv2%2Fcomments&post=474"}],"version-history":[{"count":0,"href":"http:\/\/minval.org\/svm\/index.php?rest_route=\/wp\/v2\/posts\/474\/revisions"}],"wp:attachment":[{"href":"http:\/\/minval.org\/svm\/index.php?rest_route=%2Fwp%2Fv2%2Fmedia&parent=474"}],"wp:term":[{"taxonomy":"category","embeddable":true,"href":"http:\/\/minval.org\/svm\/index.php?rest_route=%2Fwp%2Fv2%2Fcategories&post=474"},{"taxonomy":"post_tag","embeddable":true,"href":"http:\/\/minval.org\/svm\/index.php?rest_route=%2Fwp%2Fv2%2Ftags&post=474"}],"curies":[{"name":"wp","href":"https:\/\/api.w.org\/{rel}","templated":true}]}}