{"id":544,"date":"2009-10-14T18:07:14","date_gmt":"2009-10-14T16:07:14","guid":{"rendered":"http:\/\/minval.org\/svm\/?p=544"},"modified":"2009-10-14T18:07:14","modified_gmt":"2009-10-14T16:07:14","slug":"miguel-calvo-rebollar","status":"publish","type":"post","link":"http:\/\/minval.org\/svm\/?p=544","title":{"rendered":"Miguel Calvo Rebollar"},"content":{"rendered":"<p><!--:es-->\u00a0<\/p>\n<table border=\"0\" width=\"650\">\n<tbody>\n<tr>\n<td style=\"width: 150px;\">\u00a0\t<div class=\"ngg-gallery-singlepic-image ngg-center\" style=\"max-width: 100px\">\n\t\t\t\t<a href=\"http:\/\/minval.org\/svm\/wp-content\/gallery\/calvo-rebollar-miguel\/id063.jpg\"\n\t\t\ttitle=\"\"\n\t\t\tdata-src=\"http:\/\/minval.org\/svm\/wp-content\/gallery\/calvo-rebollar-miguel\/id063.jpg\"\n\t\t\tdata-thumbnail=\"http:\/\/minval.org\/svm\/wp-content\/gallery\/calvo-rebollar-miguel\/thumbs\/thumbs_id063.jpg\"\n\t\t\tdata-image-id=\"63\"\n\t\t\tdata-title=\"id063\"\n\t\t\tdata-description=\"\"\n\t\t\ttarget='_self'\n\t\t\tclass=\"ngg-simplelightbox\" rel=\"de8f31e6611ea8a2fbd6b48f96ced8df\">\n\t\t\t<img class=\"ngg-singlepic\"\n\t\t\t\tsrc=\"http:\/\/minval.org\/svm\/wp-content\/gallery\/calvo-rebollar-miguel\/cache\/id063.jpg-nggid0263-ngg0dyn-100x0x100-00f0w010c010r110f110r010t010.jpg\"\n\t\t\t\talt=\"id063\"\n\t\t\t\ttitle=\"id063\"\n\t\t\t\t\t\t\t\t\twidth=\"100\" \t\t\t\t\t\t\t\/>\n\t\t<\/a>\n\t\t\t<\/div>\n\t\t<\/td>\n<td>\n<h3>Minerales de Arag\u00f3n<\/h3>\n<address>Calvo Rebollar, Miguel<\/address>\n<address>Zaragoza : Mira, D.L. 1988<\/address>\n<address>142 p., [32] p. de l\u00e1m. : il. ; 22 cm<\/address>\n<address>Z 717-1988<\/address>\n<\/td>\n<\/tr>\n<tr>\n<td>\u00a0\t<div class=\"ngg-gallery-singlepic-image ngg-center\" style=\"max-width: 100px\">\n\t\t\t\t<a href=\"http:\/\/minval.org\/svm\/wp-content\/gallery\/calvo-rebollar-miguel\/id069.jpg\"\n\t\t\ttitle=\"\"\n\t\t\tdata-src=\"http:\/\/minval.org\/svm\/wp-content\/gallery\/calvo-rebollar-miguel\/id069.jpg\"\n\t\t\tdata-thumbnail=\"http:\/\/minval.org\/svm\/wp-content\/gallery\/calvo-rebollar-miguel\/thumbs\/thumbs_id069.jpg\"\n\t\t\tdata-image-id=\"69\"\n\t\t\tdata-title=\"id069\"\n\t\t\tdata-description=\"\"\n\t\t\ttarget='_self'\n\t\t\tclass=\"ngg-simplelightbox\" rel=\"e240a6e2c4258830fa843005d0131d52\">\n\t\t\t<img class=\"ngg-singlepic\"\n\t\t\t\tsrc=\"http:\/\/minval.org\/svm\/wp-content\/gallery\/calvo-rebollar-miguel\/cache\/id069.jpg-nggid0269-ngg0dyn-100x0x100-00f0w010c010r110f110r010t010.jpg\"\n\t\t\t\talt=\"id069\"\n\t\t\t\ttitle=\"id069\"\n\t\t\t\t\t\t\t\t\twidth=\"100\" \t\t\t\t\t\t\t\/>\n\t\t<\/a>\n\t\t\t<\/div>\n\t\t<\/td>\n<td>\n<h3>Minerales de las comunidades aut\u00f3nomas del Pa\u00eds Vasco y Navarra<\/h3>\n<address>Calvo Rebollar, Miguel<\/address>\n<address>Gasc\u00f3n Cuello, Fernando<\/address>\n<address>Cavia Ortega, Jos\u00e9 Miguel<\/address>\n<address>Vitoria-Gasteiz : Departamento de Cultura, D.L. 1993<\/address>\n<address>156 p. : il. col. ; 33 cm<\/address>\n<address>(Monograf\u00edas del Museo de Ciencias Naturales de \u00c1lava ; 2)<\/address>\n<address>VI 566-1993<\/address>\n<\/td>\n<\/tr>\n<tr>\n<td>\t<div class=\"ngg-gallery-singlepic-image ngg-center\" style=\"max-width: 100px\">\n\t\t\t\t<a href=\"http:\/\/minval.org\/svm\/wp-content\/gallery\/calvo-rebollar-miguel\/id064_0.jpg\"\n\t\t\ttitle=\"\"\n\t\t\tdata-src=\"http:\/\/minval.org\/svm\/wp-content\/gallery\/calvo-rebollar-miguel\/id064_0.jpg\"\n\t\t\tdata-thumbnail=\"http:\/\/minval.org\/svm\/wp-content\/gallery\/calvo-rebollar-miguel\/thumbs\/thumbs_id064_0.jpg\"\n\t\t\tdata-image-id=\"64\"\n\t\t\tdata-title=\"id064_0\"\n\t\t\tdata-description=\"\"\n\t\t\ttarget='_self'\n\t\t\tclass=\"ngg-simplelightbox\" rel=\"ad39b982e29dc0388e33dd026099f5e6\">\n\t\t\t<img class=\"ngg-singlepic\"\n\t\t\t\tsrc=\"http:\/\/minval.org\/svm\/wp-content\/gallery\/calvo-rebollar-miguel\/cache\/id064_0.jpg-nggid0264-ngg0dyn-100x0x100-00f0w010c010r110f110r010t010.jpg\"\n\t\t\t\talt=\"id064_0\"\n\t\t\t\ttitle=\"id064_0\"\n\t\t\t\t\t\t\t\t\twidth=\"100\" \t\t\t\t\t\t\t\/>\n\t\t<\/a>\n\t\t\t<\/div>\n\t\t\u00a0\u00a0\u00a0\u00a0\u00a0\u00a0\u00a0\u00a0\u00a0<\/td>\n<td>\n<h3>Bibliograf\u00eda fundamental de la antigua mineralog\u00eda y miner\u00eda espa\u00f1olas<\/h3>\n<address>Calvo Rebollar, Miguel<\/address>\n<address>Madrid : LIBRIS, 1999<\/address>\n<address>259 p. : il. ; 24 cm\u00a0<\/address>\n<address>M 35821-1999<\/address>\n<\/td>\n<\/tr>\n<tr>\n<td>\u00a0\t<div class=\"ngg-gallery-singlepic-image ngg-center\" style=\"max-width: 100px\">\n\t\t\t\t<a href=\"http:\/\/minval.org\/svm\/wp-content\/gallery\/calvo-rebollar-miguel\/id070.jpg\"\n\t\t\ttitle=\"\"\n\t\t\tdata-src=\"http:\/\/minval.org\/svm\/wp-content\/gallery\/calvo-rebollar-miguel\/id070.jpg\"\n\t\t\tdata-thumbnail=\"http:\/\/minval.org\/svm\/wp-content\/gallery\/calvo-rebollar-miguel\/thumbs\/thumbs_id070.jpg\"\n\t\t\tdata-image-id=\"70\"\n\t\t\tdata-title=\"id070\"\n\t\t\tdata-description=\"\"\n\t\t\ttarget='_self'\n\t\t\tclass=\"ngg-simplelightbox\" rel=\"3184c5bf3689de21d5508c9127a7635b\">\n\t\t\t<img class=\"ngg-singlepic\"\n\t\t\t\tsrc=\"http:\/\/minval.org\/svm\/wp-content\/gallery\/calvo-rebollar-miguel\/cache\/id070.jpg-nggid0270-ngg0dyn-100x0x100-00f0w010c010r110f110r010t010.jpg\"\n\t\t\t\talt=\"id070\"\n\t\t\t\ttitle=\"id070\"\n\t\t\t\t\t\t\t\t\twidth=\"100\" \t\t\t\t\t\t\t\/>\n\t\t<\/a>\n\t\t\t<\/div>\n\t\t<\/td>\n<td>\n<h3>Minerales de Arag\u00f3n<\/h3>\n<address>Calvo Rebollar, Miguel<\/address>\n<address>Zaragoza : Prames, [2008]<\/address>\n<address>463 p. : il. col., mapas ; 32 cm<\/address>\n<address>Z 470-2008<\/address>\n<\/td>\n<\/tr>\n<tr>\n<td>\u00a0\u00a0\u00a0\u00a0\u00a0\t<div class=\"ngg-gallery-singlepic-image ngg-center\" style=\"max-width: 100px\">\n\t\t\t\t<a href=\"http:\/\/minval.org\/svm\/wp-content\/gallery\/calvo-rebollar-miguel\/id065.jpg\"\n\t\t\ttitle=\"\"\n\t\t\tdata-src=\"http:\/\/minval.org\/svm\/wp-content\/gallery\/calvo-rebollar-miguel\/id065.jpg\"\n\t\t\tdata-thumbnail=\"http:\/\/minval.org\/svm\/wp-content\/gallery\/calvo-rebollar-miguel\/thumbs\/thumbs_id065.jpg\"\n\t\t\tdata-image-id=\"65\"\n\t\t\tdata-title=\"id065\"\n\t\t\tdata-description=\"\"\n\t\t\ttarget='_self'\n\t\t\tclass=\"ngg-simplelightbox\" rel=\"fc313554e628fc1f5c26eff38be3c6f4\">\n\t\t\t<img class=\"ngg-singlepic\"\n\t\t\t\tsrc=\"http:\/\/minval.org\/svm\/wp-content\/gallery\/calvo-rebollar-miguel\/cache\/id065.jpg-nggid0265-ngg0dyn-100x0x100-00f0w010c010r110f110r010t010.jpg\"\n\t\t\t\talt=\"id065\"\n\t\t\t\ttitle=\"id065\"\n\t\t\t\t\t\t\t\t\twidth=\"100\" \t\t\t\t\t\t\t\/>\n\t\t<\/a>\n\t\t\t<\/div>\n\t\t\u00a0\u00a0\u00a0\t<div class=\"ngg-gallery-singlepic-image ngg-center\" style=\"max-width: 100px\">\n\t\t\t\t<a href=\"http:\/\/minval.org\/svm\/wp-content\/gallery\/calvo-rebollar-miguel\/id066.jpg\"\n\t\t\ttitle=\"\"\n\t\t\tdata-src=\"http:\/\/minval.org\/svm\/wp-content\/gallery\/calvo-rebollar-miguel\/id066.jpg\"\n\t\t\tdata-thumbnail=\"http:\/\/minval.org\/svm\/wp-content\/gallery\/calvo-rebollar-miguel\/thumbs\/thumbs_id066.jpg\"\n\t\t\tdata-image-id=\"66\"\n\t\t\tdata-title=\"id066\"\n\t\t\tdata-description=\"\"\n\t\t\ttarget='_self'\n\t\t\tclass=\"ngg-simplelightbox\" rel=\"3b775a2145c5984730cf4a0cc0e068dd\">\n\t\t\t<img class=\"ngg-singlepic\"\n\t\t\t\tsrc=\"http:\/\/minval.org\/svm\/wp-content\/gallery\/calvo-rebollar-miguel\/cache\/id066.jpg-nggid0266-ngg0dyn-100x0x100-00f0w010c010r110f110r010t010.jpg\"\n\t\t\t\talt=\"id066\"\n\t\t\t\ttitle=\"id066\"\n\t\t\t\t\t\t\t\t\twidth=\"100\" \t\t\t\t\t\t\t\/>\n\t\t<\/a>\n\t\t\t<\/div>\n\t\t\u00a0\u00a0\u00a0\u00a0<\/td>\n<td>\n<h3>Minerales y minas de Espa\u00f1a<\/h3>\n<address>Calvo Rebollar, Miguel<\/address>\n<address>1\u00aa ed.<\/address>\n<address>[Vitoria] : Kultura, Gazteria eta Kirol Saila, Arabako Foru Aldundia = Departamento de Cultura, Juventud y Deportes, Diputaci\u00f3n Foral de \u00c1lava, 2003-&lt;[2009]&gt;<\/address>\n<address>v. &lt;1-4&gt; : il. ; 25 cm<\/address>\n<address>v. 1. Elementos (217 p.) &#8212; v. 2. Sulfuros y sulfosales (705 p.) &#8212; v. 3. Halogenuros (267 p.) &#8212; v. 4. \u00d3xidos e hidr\u00f3xidos (751 p.)<\/address>\n<address>En la portada del v. 4: Museo de Ciencias Naturales de \u00c1lava<\/address>\n<address>Vol. 4 editado por: Fundaci\u00f3n G\u00f3mez Pardo<\/address>\n<address>VI 206-2003<\/address>\n<\/td>\n<\/tr>\n<tr>\n<td>\t<div class=\"ngg-gallery-singlepic-image ngg-center\" style=\"max-width: 100px\">\n\t\t\t\t<a href=\"http:\/\/minval.org\/svm\/wp-content\/gallery\/calvo-rebollar-miguel\/id067.jpg\"\n\t\t\ttitle=\"\"\n\t\t\tdata-src=\"http:\/\/minval.org\/svm\/wp-content\/gallery\/calvo-rebollar-miguel\/id067.jpg\"\n\t\t\tdata-thumbnail=\"http:\/\/minval.org\/svm\/wp-content\/gallery\/calvo-rebollar-miguel\/thumbs\/thumbs_id067.jpg\"\n\t\t\tdata-image-id=\"67\"\n\t\t\tdata-title=\"id067\"\n\t\t\tdata-description=\"\"\n\t\t\ttarget='_self'\n\t\t\tclass=\"ngg-simplelightbox\" rel=\"81488e5c46102e8ab3555eeaf079d6e0\">\n\t\t\t<img class=\"ngg-singlepic\"\n\t\t\t\tsrc=\"http:\/\/minval.org\/svm\/wp-content\/gallery\/calvo-rebollar-miguel\/cache\/id067.jpg-nggid0267-ngg0dyn-100x0x100-00f0w010c010r110f110r010t010.jpg\"\n\t\t\t\talt=\"id067\"\n\t\t\t\ttitle=\"id067\"\n\t\t\t\t\t\t\t\t\twidth=\"100\" \t\t\t\t\t\t\t\/>\n\t\t<\/a>\n\t\t\t<\/div>\n\t\t<\/td>\n<td>\u00a0<\/td>\n<\/tr>\n<tr>\n<td>\t<div class=\"ngg-gallery-singlepic-image ngg-center\" style=\"max-width: 100px\">\n\t\t\t\t<a href=\"http:\/\/minval.org\/svm\/wp-content\/gallery\/calvo-rebollar-miguel\/id068.jpg\"\n\t\t\ttitle=\"\"\n\t\t\tdata-src=\"http:\/\/minval.org\/svm\/wp-content\/gallery\/calvo-rebollar-miguel\/id068.jpg\"\n\t\t\tdata-thumbnail=\"http:\/\/minval.org\/svm\/wp-content\/gallery\/calvo-rebollar-miguel\/thumbs\/thumbs_id068.jpg\"\n\t\t\tdata-image-id=\"68\"\n\t\t\tdata-title=\"id068\"\n\t\t\tdata-description=\"\"\n\t\t\ttarget='_self'\n\t\t\tclass=\"ngg-simplelightbox\" rel=\"c5f35857b6ec196409b2748711b8e000\">\n\t\t\t<img class=\"ngg-singlepic\"\n\t\t\t\tsrc=\"http:\/\/minval.org\/svm\/wp-content\/gallery\/calvo-rebollar-miguel\/cache\/id068.jpg-nggid0268-ngg0dyn-100x0x100-00f0w010c010r110f110r010t010.jpg\"\n\t\t\t\talt=\"id068\"\n\t\t\t\ttitle=\"id068\"\n\t\t\t\t\t\t\t\t\twidth=\"100\" \t\t\t\t\t\t\t\/>\n\t\t<\/a>\n\t\t\t<\/div>\n\t\t<\/td>\n<td>\u00a0<\/td>\n<\/tr>\n<tr>\n<td>\u00a0<\/td>\n<td style=\"TEXT-ALIGN: right\"><a href=\"http:\/\/minval.org\/svm\/?p=302 \">volver &gt;&gt;<\/a><\/td>\n<\/tr>\n<tr>\n<td>\u00a0<\/td>\n<td>\u00a0<\/td>\n<\/tr>\n<tr>\n<td>\u00a0<\/td>\n<td>\u00a0<\/td>\n<\/tr>\n<tr>\n<td>\u00a0<\/td>\n<td>\u00a0<\/td>\n<\/tr>\n<tr>\n<td>\u00a0<\/td>\n<td>\u00a0<\/td>\n<\/tr>\n<\/tbody>\n<\/table>\n<p><!--:--><\/p>\n","protected":false},"excerpt":{"rendered":"<p>\u00a0 \u00a0 Minerales de Arag\u00f3n Calvo Rebollar, Miguel Zaragoza : Mira, D.L. 1988 142 p., [32] p. de l\u00e1m. : il. ; 22 cm Z 717-1988 \u00a0 Minerales de las comunidades aut\u00f3nomas del Pa\u00eds Vasco y Navarra Calvo Rebollar, Miguel&#8230;<\/p>\n","protected":false},"author":3,"featured_media":0,"comment_status":"closed","ping_status":"closed","sticky":false,"template":"","format":"standard","meta":{"ngg_post_thumbnail":0,"footnotes":""},"categories":[5],"tags":[9],"_links":{"self":[{"href":"http:\/\/minval.org\/svm\/index.php?rest_route=\/wp\/v2\/posts\/544"}],"collection":[{"href":"http:\/\/minval.org\/svm\/index.php?rest_route=\/wp\/v2\/posts"}],"about":[{"href":"http:\/\/minval.org\/svm\/index.php?rest_route=\/wp\/v2\/types\/post"}],"author":[{"embeddable":true,"href":"http:\/\/minval.org\/svm\/index.php?rest_route=\/wp\/v2\/users\/3"}],"replies":[{"embeddable":true,"href":"http:\/\/minval.org\/svm\/index.php?rest_route=%2Fwp%2Fv2%2Fcomments&post=544"}],"version-history":[{"count":0,"href":"http:\/\/minval.org\/svm\/index.php?rest_route=\/wp\/v2\/posts\/544\/revisions"}],"wp:attachment":[{"href":"http:\/\/minval.org\/svm\/index.php?rest_route=%2Fwp%2Fv2%2Fmedia&parent=544"}],"wp:term":[{"taxonomy":"category","embeddable":true,"href":"http:\/\/minval.org\/svm\/index.php?rest_route=%2Fwp%2Fv2%2Fcategories&post=544"},{"taxonomy":"post_tag","embeddable":true,"href":"http:\/\/minval.org\/svm\/index.php?rest_route=%2Fwp%2Fv2%2Ftags&post=544"}],"curies":[{"name":"wp","href":"https:\/\/api.w.org\/{rel}","templated":true}]}}