{"id":596,"date":"2009-10-14T21:23:36","date_gmt":"2009-10-14T19:23:36","guid":{"rendered":"http:\/\/minval.org\/svm\/?p=596"},"modified":"2009-10-14T21:23:36","modified_gmt":"2009-10-14T19:23:36","slug":"j-altimir-bolva","status":"publish","type":"post","link":"http:\/\/minval.org\/svm\/?p=596","title":{"rendered":"Jos\u00e9 Altimir Bolva"},"content":{"rendered":"<p><!--:es--><\/p>\n<table style=\"width: 649px; height: 91px;\" border=\"0\">\n<tbody>\n<tr>\n<td style=\"width: 150px;\">\n<address>\u00a0\t<div class=\"ngg-gallery-singlepic-image ngg-center\" style=\"max-width: 100px\">\n\t\t\t\t<a href=\"http:\/\/minval.org\/svm\/wp-content\/gallery\/calvo-rebollar-miguel\/id171.jpg\"\n\t\t\ttitle=\"\"\n\t\t\tdata-src=\"http:\/\/minval.org\/svm\/wp-content\/gallery\/calvo-rebollar-miguel\/id171.jpg\"\n\t\t\tdata-thumbnail=\"http:\/\/minval.org\/svm\/wp-content\/gallery\/calvo-rebollar-miguel\/thumbs\/thumbs_id171.jpg\"\n\t\t\tdata-image-id=\"344\"\n\t\t\tdata-title=\"id171\"\n\t\t\tdata-description=\"\"\n\t\t\ttarget='_self'\n\t\t\tclass=\"ngg-simplelightbox\" rel=\"175138d4abd7fbdb37c4434108b819e1\">\n\t\t\t<img class=\"ngg-singlepic\"\n\t\t\t\tsrc=\"http:\/\/minval.org\/svm\/wp-content\/gallery\/calvo-rebollar-miguel\/cache\/id171.jpg-nggid03344-ngg0dyn-100x0x100-00f0w010c010r110f110r010t010.jpg\"\n\t\t\t\talt=\"id171\"\n\t\t\t\ttitle=\"id171\"\n\t\t\t\t\t\t\t\t\twidth=\"100\" \t\t\t\t\t\t\t\/>\n\t\t<\/a>\n\t\t\t<\/div>\n\t\t<\/address>\n<\/td>\n<td>\n<h3>La sal espa\u00f1ola y la industria qu\u00edmica nacional<\/h3>\n<address>Altimir Bolva, Jos\u00e9<\/address>\n<address>L\u00f3pez Gracia., Ricardo<\/address>\n<address>[S.l. : s.n.], 1945 ([Barcelona : Gr\u00e1fs. Marina])<\/address>\n<address>121 p\u00e1g. con 2 l\u00e1m. + 3 l\u00e1m. ; 21 cm<\/address>\n<\/td>\n<\/tr>\n<tr>\n<td>\n<address>\u00a0<\/address>\n<\/td>\n<td>\n<address>\u00a0<\/address>\n<\/td>\n<\/tr>\n<\/tbody>\n<\/table>\n<table style=\"width: 649px; height: 106px;\" border=\"0\">\n<tbody>\n<tr>\n<td style=\"width: 150px;\">\n<address>\u00a0\t<div class=\"ngg-gallery-singlepic-image ngg-center\" style=\"max-width: 100px\">\n\t\t\t\t<a href=\"http:\/\/minval.org\/svm\/wp-content\/gallery\/calvo-rebollar-miguel\/id129.jpg\"\n\t\t\ttitle=\"\"\n\t\t\tdata-src=\"http:\/\/minval.org\/svm\/wp-content\/gallery\/calvo-rebollar-miguel\/id129.jpg\"\n\t\t\tdata-thumbnail=\"http:\/\/minval.org\/svm\/wp-content\/gallery\/calvo-rebollar-miguel\/thumbs\/thumbs_id129.jpg\"\n\t\t\tdata-image-id=\"277\"\n\t\t\tdata-title=\"id129\"\n\t\t\tdata-description=\"\"\n\t\t\ttarget='_self'\n\t\t\tclass=\"ngg-simplelightbox\" rel=\"09e96e8ca0ac936c83de88add0fc5245\">\n\t\t\t<img class=\"ngg-singlepic\"\n\t\t\t\tsrc=\"http:\/\/minval.org\/svm\/wp-content\/gallery\/calvo-rebollar-miguel\/cache\/id129.jpg-nggid03277-ngg0dyn-100x0x100-00f0w010c010r110f110r010t010.jpg\"\n\t\t\t\talt=\"id129\"\n\t\t\t\ttitle=\"id129\"\n\t\t\t\t\t\t\t\t\twidth=\"100\" \t\t\t\t\t\t\t\/>\n\t\t<\/a>\n\t\t\t<\/div>\n\t\t<\/address>\n<\/td>\n<td>\n<h3>La sal espa\u00f1ola y su legislaci\u00f3n. (1252-1945)<\/h3>\n<address>Altimir Bolva, Jos\u00e9<\/address>\n<address>Madrid : [s.n.], 1946 ([Gr\u00e1f. Estades])<\/address>\n<address>108 p\u00e1g. + 9 l\u00e1m. ; 25 cm<\/address>\n<address>Col. \u00abAl servicio de la industria salinera\u00bb\u00a0<\/address>\n<\/td>\n<\/tr>\n<tr>\n<td>\n<address>\u00a0<\/address>\n<\/td>\n<td>\n<address>\u00a0<\/address>\n<\/td>\n<\/tr>\n<\/tbody>\n<\/table>\n<table style=\"width: 650px; height: 112px;\" border=\"0\" width=\"650\">\n<tbody>\n<tr>\n<td style=\"width: 150px;\">\n<address>\u00a0\t<div class=\"ngg-gallery-singlepic-image ngg-center\" style=\"max-width: 100px\">\n\t\t\t\t<a href=\"http:\/\/minval.org\/svm\/wp-content\/gallery\/calvo-rebollar-miguel\/id115.jpg\"\n\t\t\ttitle=\"\"\n\t\t\tdata-src=\"http:\/\/minval.org\/svm\/wp-content\/gallery\/calvo-rebollar-miguel\/id115.jpg\"\n\t\t\tdata-thumbnail=\"http:\/\/minval.org\/svm\/wp-content\/gallery\/calvo-rebollar-miguel\/thumbs\/thumbs_id115.jpg\"\n\t\t\tdata-image-id=\"262\"\n\t\t\tdata-title=\"id115\"\n\t\t\tdata-description=\"\"\n\t\t\ttarget='_self'\n\t\t\tclass=\"ngg-simplelightbox\" rel=\"b09048674d7b9d69e93d69461c857b3e\">\n\t\t\t<img class=\"ngg-singlepic\"\n\t\t\t\tsrc=\"http:\/\/minval.org\/svm\/wp-content\/gallery\/calvo-rebollar-miguel\/cache\/id115.jpg-nggid03262-ngg0dyn-100x0x100-00f0w010c010r110f110r010t010.jpg\"\n\t\t\t\talt=\"id115\"\n\t\t\t\ttitle=\"id115\"\n\t\t\t\t\t\t\t\t\twidth=\"100\" \t\t\t\t\t\t\t\/>\n\t\t<\/a>\n\t\t\t<\/div>\n\t\t<\/address>\n<\/td>\n<td>\n<h3>La sal en el mundo<\/h3>\n<address>Altimir Bolva, Jos\u00e9<\/address>\n<address>[S.l. : s.n., 1948]-1950 (Madrid : Estades, Artes Gr\u00e1ficas])<\/address>\n<address>2 vol. Grab. y map. intercal.; 28 cm<\/address>\n<address>I:Europa., II: Africa-Asia. 716 p\u00e1g.<\/address>\n<\/td>\n<\/tr>\n<tr>\n<td>\n<address>\u00a0<\/address>\n<\/td>\n<td>\n<address style=\"TEXT-ALIGN: right\">\u00a0<a href=\"http:\/\/minval.org\/svm\/?p=293 \">volver &gt;&gt;<\/a><\/address>\n<\/td>\n<\/tr>\n<\/tbody>\n<\/table>\n<p><!--:--><\/p>\n","protected":false},"excerpt":{"rendered":"<p>\u00a0 La sal espa\u00f1ola y la industria qu\u00edmica nacional Altimir Bolva, Jos\u00e9 L\u00f3pez Gracia., Ricardo [S.l. : s.n.], 1945 ([Barcelona : Gr\u00e1fs. Marina]) 121 p\u00e1g. con 2 l\u00e1m. + 3 l\u00e1m. ; 21 cm \u00a0 \u00a0 \u00a0 La sal espa\u00f1ola&#8230;<\/p>\n","protected":false},"author":3,"featured_media":0,"comment_status":"closed","ping_status":"closed","sticky":false,"template":"","format":"standard","meta":{"ngg_post_thumbnail":0,"footnotes":""},"categories":[5],"tags":[9],"_links":{"self":[{"href":"http:\/\/minval.org\/svm\/index.php?rest_route=\/wp\/v2\/posts\/596"}],"collection":[{"href":"http:\/\/minval.org\/svm\/index.php?rest_route=\/wp\/v2\/posts"}],"about":[{"href":"http:\/\/minval.org\/svm\/index.php?rest_route=\/wp\/v2\/types\/post"}],"author":[{"embeddable":true,"href":"http:\/\/minval.org\/svm\/index.php?rest_route=\/wp\/v2\/users\/3"}],"replies":[{"embeddable":true,"href":"http:\/\/minval.org\/svm\/index.php?rest_route=%2Fwp%2Fv2%2Fcomments&post=596"}],"version-history":[{"count":0,"href":"http:\/\/minval.org\/svm\/index.php?rest_route=\/wp\/v2\/posts\/596\/revisions"}],"wp:attachment":[{"href":"http:\/\/minval.org\/svm\/index.php?rest_route=%2Fwp%2Fv2%2Fmedia&parent=596"}],"wp:term":[{"taxonomy":"category","embeddable":true,"href":"http:\/\/minval.org\/svm\/index.php?rest_route=%2Fwp%2Fv2%2Fcategories&post=596"},{"taxonomy":"post_tag","embeddable":true,"href":"http:\/\/minval.org\/svm\/index.php?rest_route=%2Fwp%2Fv2%2Ftags&post=596"}],"curies":[{"name":"wp","href":"https:\/\/api.w.org\/{rel}","templated":true}]}}