{"id":647,"date":"2009-10-15T21:29:04","date_gmt":"2009-10-15T19:29:04","guid":{"rendered":"http:\/\/minval.org\/svm\/?p=647"},"modified":"2009-10-15T21:29:04","modified_gmt":"2009-10-15T19:29:04","slug":"pedro-alfaro","status":"publish","type":"post","link":"http:\/\/minval.org\/svm\/?p=647","title":{"rendered":"Pedro Alfaro Garc\u00eda"},"content":{"rendered":"<p><!--:es--><\/p>\n<table style=\"width: 651px; height: 177px;\" border=\"0\">\n<tbody>\n<tr>\n<td style=\"width: 150px;\">\u00a0\t<div class=\"ngg-gallery-singlepic-image ngg-center\" style=\"max-width: 100px\">\n\t\t\t\t<a href=\"http:\/\/minval.org\/svm\/wp-content\/gallery\/calvo-rebollar-miguel\/id168.jpg\"\n\t\t\ttitle=\"\"\n\t\t\tdata-src=\"http:\/\/minval.org\/svm\/wp-content\/gallery\/calvo-rebollar-miguel\/id168.jpg\"\n\t\t\tdata-thumbnail=\"http:\/\/minval.org\/svm\/wp-content\/gallery\/calvo-rebollar-miguel\/thumbs\/thumbs_id168.jpg\"\n\t\t\tdata-image-id=\"338\"\n\t\t\tdata-title=\"id168\"\n\t\t\tdata-description=\"\"\n\t\t\ttarget='_self'\n\t\t\tclass=\"ngg-simplelightbox\" rel=\"72e4e552ab18fc82ec27c5e263d7a8fe\">\n\t\t\t<img class=\"ngg-singlepic\"\n\t\t\t\tsrc=\"http:\/\/minval.org\/svm\/wp-content\/gallery\/calvo-rebollar-miguel\/cache\/id168.jpg-nggid03338-ngg0dyn-100x0x100-00f0w010c010r110f110r010t010.jpg\"\n\t\t\t\talt=\"id168\"\n\t\t\t\ttitle=\"id168\"\n\t\t\t\t\t\t\t\t\twidth=\"100\" \t\t\t\t\t\t\t\/>\n\t\t<\/a>\n\t\t\t<\/div>\n\t\t<\/td>\n<td style=\"width: 500px;\">\n<h3>Geolog\u00eda de Alicante<\/h3>\n<address>Alfaro Garc\u00eda, Pedro<\/address>\n<address>[San Vicente de Raspeig : Universidad Alicante, Instituto de Ciencias de la Educaci\u00f3n, 2004]<\/address>\n<address>267 p. : il. col., gr\u00e1f., mapas ; 30 cm<\/address>\n<address>Publicado con motivo del XIII Simposio sobre la Ense\u00f1anza de la Geolg\u00eda, Alicante 5-10 de julio de 2004<\/address>\n<address>MU 1198-2004<\/address>\n<address>\u00a0<\/address>\n<\/td>\n<\/tr>\n<tr>\n<td>\u00a0<\/td>\n<td style=\"TEXT-ALIGN: right\">\u00a0<a href=\"http:\/\/minval.org\/svm\/?p=293 \">volver &gt;&gt;<\/a><\/td>\n<\/tr>\n<\/tbody>\n<\/table>\n<p><!--:--><\/p>\n","protected":false},"excerpt":{"rendered":"<p>\u00a0 Geolog\u00eda de Alicante Alfaro Garc\u00eda, Pedro [San Vicente de Raspeig : Universidad Alicante, Instituto de Ciencias de la Educaci\u00f3n, 2004] 267 p. : il. col., gr\u00e1f., mapas ; 30 cm Publicado con motivo del XIII Simposio sobre la Ense\u00f1anza&#8230;<\/p>\n","protected":false},"author":3,"featured_media":0,"comment_status":"closed","ping_status":"closed","sticky":false,"template":"","format":"standard","meta":{"ngg_post_thumbnail":0,"footnotes":""},"categories":[5],"tags":[9],"_links":{"self":[{"href":"http:\/\/minval.org\/svm\/index.php?rest_route=\/wp\/v2\/posts\/647"}],"collection":[{"href":"http:\/\/minval.org\/svm\/index.php?rest_route=\/wp\/v2\/posts"}],"about":[{"href":"http:\/\/minval.org\/svm\/index.php?rest_route=\/wp\/v2\/types\/post"}],"author":[{"embeddable":true,"href":"http:\/\/minval.org\/svm\/index.php?rest_route=\/wp\/v2\/users\/3"}],"replies":[{"embeddable":true,"href":"http:\/\/minval.org\/svm\/index.php?rest_route=%2Fwp%2Fv2%2Fcomments&post=647"}],"version-history":[{"count":0,"href":"http:\/\/minval.org\/svm\/index.php?rest_route=\/wp\/v2\/posts\/647\/revisions"}],"wp:attachment":[{"href":"http:\/\/minval.org\/svm\/index.php?rest_route=%2Fwp%2Fv2%2Fmedia&parent=647"}],"wp:term":[{"taxonomy":"category","embeddable":true,"href":"http:\/\/minval.org\/svm\/index.php?rest_route=%2Fwp%2Fv2%2Fcategories&post=647"},{"taxonomy":"post_tag","embeddable":true,"href":"http:\/\/minval.org\/svm\/index.php?rest_route=%2Fwp%2Fv2%2Ftags&post=647"}],"curies":[{"name":"wp","href":"https:\/\/api.w.org\/{rel}","templated":true}]}}