{"id":661,"date":"2009-10-15T21:59:12","date_gmt":"2009-10-15T19:59:12","guid":{"rendered":"http:\/\/minval.org\/svm\/?p=661"},"modified":"2009-10-15T21:59:12","modified_gmt":"2009-10-15T19:59:12","slug":"rafael-arana-castillo","status":"publish","type":"post","link":"http:\/\/minval.org\/svm\/?p=661","title":{"rendered":"Rafael Arana Castillo"},"content":{"rendered":"<p><!--:es--><\/p>\n<table style=\"width: 650px; height: 458px;\" border=\"0\">\n<tbody>\n<tr>\n<td style=\"width: 150px;\">\u00a0<\/td>\n<td>\n<h3 style=\"TEXT-ALIGN: justify\">Investigaciones mineral\u00f3gicas en Sierra Nevada : (Cordilleras B\u00e9ticas, Espa\u00f1a) \u00a0\u00a0\u00a0\u00a0<\/h3>\n<address>Arana Castillo, Rafael<\/address>\n<address>Granada : Universidad, 1973<\/address>\n<address>v. : grab. ; 25 cm<\/address>\n<address>Precede al tit.: Facultad de Ciencias. Secci\u00f3n de Geol\u00f3gicas<\/address>\n<address>Tesis doctorales<\/address>\n<address>GR 55-1973<\/address>\n<address>\u00a0<\/address>\n<\/td>\n<\/tr>\n<tr>\n<td>\u00a0<\/td>\n<td>\n<h3>Lugares de inter\u00e9s geol\u00f3gico de la regi\u00f3n de Murcia \u00a0\u00a0\u00a0\u00a0\u00a0\u00a0\u00a0\u00a0\u00a0\u00a0<\/h3>\n<address>Arana Castillo, Rafael<\/address>\n<address>[Murcia] : Agencia Regional para el Medio Ambiente y la Naturaleza, D.L. 1992<\/address>\n<address>219 p. : il. col. ; 22 cm<\/address>\n<address>(Serie T\u00e9cnica ; 1)<\/address>\n<address>MU 443-1992<\/address>\n<address>\u00a0<\/address>\n<\/td>\n<\/tr>\n<tr>\n<td>\t<div class=\"ngg-gallery-singlepic-image ngg-center\" style=\"max-width: 100px\">\n\t\t\t\t<a href=\"http:\/\/minval.org\/svm\/wp-content\/gallery\/calvo-rebollar-miguel\/id170.jpg\"\n\t\t\ttitle=\"\"\n\t\t\tdata-src=\"http:\/\/minval.org\/svm\/wp-content\/gallery\/calvo-rebollar-miguel\/id170.jpg\"\n\t\t\tdata-thumbnail=\"http:\/\/minval.org\/svm\/wp-content\/gallery\/calvo-rebollar-miguel\/thumbs\/thumbs_id170.jpg\"\n\t\t\tdata-image-id=\"343\"\n\t\t\tdata-title=\"id170\"\n\t\t\tdata-description=\"\"\n\t\t\ttarget='_self'\n\t\t\tclass=\"ngg-simplelightbox\" rel=\"e49ddc5275e0ad5afa5d9c05720fc498\">\n\t\t\t<img class=\"ngg-singlepic\"\n\t\t\t\tsrc=\"http:\/\/minval.org\/svm\/wp-content\/gallery\/calvo-rebollar-miguel\/cache\/id170.jpg-nggid03343-ngg0dyn-100x0x100-00f0w010c010r110f110r010t010.jpg\"\n\t\t\t\talt=\"id170\"\n\t\t\t\ttitle=\"id170\"\n\t\t\t\t\t\t\t\t\twidth=\"100\" \t\t\t\t\t\t\t\/>\n\t\t<\/a>\n\t\t\t<\/div>\n\t\t<\/td>\n<td>\n<h3>El patrimonio geol\u00f3gico de la regi\u00f3n de Murcia<\/h3>\n<address>Arana Castillo, Rafael [et al&#8230;]<\/address>\n<address>Murcia : Fundaci\u00f3n S\u00e9neca, 1999<\/address>\n<address>399 p. :\u00a0il. col. ;\u00a031 cm<\/address>\n<address>MU 1986-1999<\/address>\n<address>\u00a0<\/address>\n<\/td>\n<\/tr>\n<tr>\n<td>\n<address>\u00a0<\/address>\n<\/td>\n<td style=\"width: 500px;\">\n<h3 style=\"TEXT-ALIGN: justify\">El patrimonio geol\u00f3gico de la regi\u00f3n de Murcia : discurso del Acad\u00e9mico de N\u00famero Ilmo. Sr. D. Rafael Arana Castillo le\u00eddo en la sesi\u00f3n solemne de apertura de curso el d\u00eda 26 de enero de 2007<\/h3>\n<address>Arana Castillo, Rafael<\/address>\n<address>Murcia : Academia de Ciencias de la Regi\u00f3n de Murcia, 2007<\/address>\n<address>69 p. : mapas ; 24 cm<\/address>\n<address>MU 1897-2006<\/address>\n<\/td>\n<\/tr>\n<tr>\n<td>\u00a0<\/td>\n<td>\n<address style=\"TEXT-ALIGN: right\">\u00a0 <a href=\"http:\/\/minval.org\/svm\/?p=293 \">volver &gt;&gt;<\/a><\/address>\n<\/td>\n<\/tr>\n<\/tbody>\n<\/table>\n<p><!--:--><\/p>\n","protected":false},"excerpt":{"rendered":"<p>\u00a0 Investigaciones mineral\u00f3gicas en Sierra Nevada : (Cordilleras B\u00e9ticas, Espa\u00f1a) \u00a0\u00a0\u00a0\u00a0 Arana Castillo, Rafael Granada : Universidad, 1973 v. : grab. ; 25 cm Precede al tit.: Facultad de Ciencias. Secci\u00f3n de Geol\u00f3gicas Tesis doctorales GR 55-1973 \u00a0 \u00a0 Lugares&#8230;<\/p>\n","protected":false},"author":3,"featured_media":0,"comment_status":"closed","ping_status":"closed","sticky":false,"template":"","format":"standard","meta":{"ngg_post_thumbnail":0,"footnotes":""},"categories":[5],"tags":[9],"_links":{"self":[{"href":"http:\/\/minval.org\/svm\/index.php?rest_route=\/wp\/v2\/posts\/661"}],"collection":[{"href":"http:\/\/minval.org\/svm\/index.php?rest_route=\/wp\/v2\/posts"}],"about":[{"href":"http:\/\/minval.org\/svm\/index.php?rest_route=\/wp\/v2\/types\/post"}],"author":[{"embeddable":true,"href":"http:\/\/minval.org\/svm\/index.php?rest_route=\/wp\/v2\/users\/3"}],"replies":[{"embeddable":true,"href":"http:\/\/minval.org\/svm\/index.php?rest_route=%2Fwp%2Fv2%2Fcomments&post=661"}],"version-history":[{"count":0,"href":"http:\/\/minval.org\/svm\/index.php?rest_route=\/wp\/v2\/posts\/661\/revisions"}],"wp:attachment":[{"href":"http:\/\/minval.org\/svm\/index.php?rest_route=%2Fwp%2Fv2%2Fmedia&parent=661"}],"wp:term":[{"taxonomy":"category","embeddable":true,"href":"http:\/\/minval.org\/svm\/index.php?rest_route=%2Fwp%2Fv2%2Fcategories&post=661"},{"taxonomy":"post_tag","embeddable":true,"href":"http:\/\/minval.org\/svm\/index.php?rest_route=%2Fwp%2Fv2%2Ftags&post=661"}],"curies":[{"name":"wp","href":"https:\/\/api.w.org\/{rel}","templated":true}]}}