{"id":772,"date":"2009-10-17T00:26:18","date_gmt":"2009-10-16T22:26:18","guid":{"rendered":"http:\/\/minval.org\/svm\/?p=772"},"modified":"2009-10-17T00:26:18","modified_gmt":"2009-10-16T22:26:18","slug":"daniel-jimenez-de-cisneros-y-hervas","status":"publish","type":"post","link":"http:\/\/minval.org\/svm\/?p=772","title":{"rendered":"Daniel Jim\u00e9nez de Cisneros y Herv\u00e1s"},"content":{"rendered":"<p><!--:es--><\/p>\n<table style=\"width: 652px; height: 427px;\" border=\"0\">\n<tbody>\n<tr>\n<td colspan=\"2\">\n<h4 style=\"TEXT-ALIGN: right\"><em>Biograf\u00eda de Daniel Jim\u00e9nez de Cisneros<\/em><\/h4>\n<\/td>\n<\/tr>\n<tr>\n<td>\u00a0\t<div class=\"ngg-gallery-singlepic-image ngg-center\" style=\"max-width: 100px\">\n\t\t\t\t<a href=\"http:\/\/minval.org\/svm\/wp-content\/gallery\/calvo-rebollar-miguel\/id089.jpg\"\n\t\t\ttitle=\"\"\n\t\t\tdata-src=\"http:\/\/minval.org\/svm\/wp-content\/gallery\/calvo-rebollar-miguel\/id089.jpg\"\n\t\t\tdata-thumbnail=\"http:\/\/minval.org\/svm\/wp-content\/gallery\/calvo-rebollar-miguel\/thumbs\/thumbs_id089.jpg\"\n\t\t\tdata-image-id=\"89\"\n\t\t\tdata-title=\"id089\"\n\t\t\tdata-description=\"\"\n\t\t\ttarget='_self'\n\t\t\tclass=\"ngg-simplelightbox\" rel=\"1ffd4bf1aecba58da0957039923d7b3a\">\n\t\t\t<img class=\"ngg-singlepic\"\n\t\t\t\tsrc=\"http:\/\/minval.org\/svm\/wp-content\/gallery\/calvo-rebollar-miguel\/cache\/id089.jpg-nggid0289-ngg0dyn-100x0x100-00f0w010c010r110f110r010t010.jpg\"\n\t\t\t\talt=\"id089\"\n\t\t\t\ttitle=\"id089\"\n\t\t\t\t\t\t\t\t\twidth=\"100\" \t\t\t\t\t\t\t\/>\n\t\t<\/a>\n\t\t\t<\/div>\n\t\t<\/td>\n<td>\n<h3>Geolog\u00eda y Paleontolog\u00eda de Alicante<\/h3>\n<address>Jim\u00e9nez de Cisneros y Herv\u00e1s, Daniel<\/address>\n<address>Madrid : [s.n.], 1917<\/address>\n<address>135 p., l\u00e1m., 24 cm<\/address>\n<address>Trabajos del Museo Nacional de Ciencias Naturales, Serie Geol\u00f3gica, n\u00ba 21<\/address>\n<address>En el tit. Junta para Ampliaci\u00f3n de Estudios e Investigaciones Cient\u00edficas\u00a0\u00a0<\/address>\n<\/td>\n<\/tr>\n<tr>\n<td>\u00a0\t<div class=\"ngg-gallery-singlepic-image ngg-center\" style=\"max-width: 116px\">\n\t\t\t\t<a href=\"http:\/\/minval.org\/svm\/wp-content\/gallery\/calvo-rebollar-miguel\/id090_0.jpg\"\n\t\t\ttitle=\"\"\n\t\t\tdata-src=\"http:\/\/minval.org\/svm\/wp-content\/gallery\/calvo-rebollar-miguel\/id090_0.jpg\"\n\t\t\tdata-thumbnail=\"http:\/\/minval.org\/svm\/wp-content\/gallery\/calvo-rebollar-miguel\/thumbs\/thumbs_id090_0.jpg\"\n\t\t\tdata-image-id=\"95\"\n\t\t\tdata-title=\"id090_0\"\n\t\t\tdata-description=\"\"\n\t\t\ttarget='_self'\n\t\t\tclass=\"ngg-simplelightbox\" rel=\"6bf2b0b79b2822cdb9ab90596c44eaa7\">\n\t\t\t<img class=\"ngg-singlepic\"\n\t\t\t\tsrc=\"http:\/\/minval.org\/svm\/wp-content\/gallery\/calvo-rebollar-miguel\/cache\/id090_0.jpg-nggid0295-ngg0dyn-0x82x100-00f0w010c010r110f110r010t010.jpg\"\n\t\t\t\talt=\"id090_0\"\n\t\t\t\ttitle=\"id090_0\"\n\t\t\t\t\t\t\t\t\twidth=\"116\" \t\t\t\t\t\t\t\/>\n\t\t<\/a>\n\t\t\t<\/div>\n\t\t<\/td>\n<td>\u00a0<\/td>\n<\/tr>\n<tr>\n<td>\u00a0<\/td>\n<td>\u00a0<\/td>\n<\/tr>\n<tr>\n<td>\t<div class=\"ngg-gallery-singlepic-image ngg-center\" style=\"max-width: 100px\">\n\t\t\t\t<a href=\"http:\/\/minval.org\/svm\/wp-content\/gallery\/calvo-rebollar-miguel\/id096.jpg\"\n\t\t\ttitle=\"\"\n\t\t\tdata-src=\"http:\/\/minval.org\/svm\/wp-content\/gallery\/calvo-rebollar-miguel\/id096.jpg\"\n\t\t\tdata-thumbnail=\"http:\/\/minval.org\/svm\/wp-content\/gallery\/calvo-rebollar-miguel\/thumbs\/thumbs_id096.jpg\"\n\t\t\tdata-image-id=\"96\"\n\t\t\tdata-title=\"id096\"\n\t\t\tdata-description=\"\"\n\t\t\ttarget='_self'\n\t\t\tclass=\"ngg-simplelightbox\" rel=\"a1eb84e13f18868254608a15d20a1b6f\">\n\t\t\t<img class=\"ngg-singlepic\"\n\t\t\t\tsrc=\"http:\/\/minval.org\/svm\/wp-content\/gallery\/calvo-rebollar-miguel\/cache\/id096.jpg-nggid0296-ngg0dyn-100x0x100-00f0w010c010r110f110r010t010.jpg\"\n\t\t\t\talt=\"id096\"\n\t\t\t\ttitle=\"id096\"\n\t\t\t\t\t\t\t\t\twidth=\"100\" \t\t\t\t\t\t\t\/>\n\t\t<\/a>\n\t\t\t<\/div>\n\t\t<\/td>\n<td>\n<h3>Geograf\u00eda General del Reino de Valencia<\/h3>\n<address><em>Carreras Candi, Francisco<\/em><\/address>\n<address><em>5 vols.<\/em><\/address>\n<address>\u00a0<\/address>\n<address><em>En el volumen correspondiente al Reino de Valencia,\u00a0Jim\u00e9nez de Cisneros redact\u00f3 el cap\u00edtulo, <\/em>Geolog\u00eda y Paleontolog\u00eda, p.<strong>\u00a0<\/strong>303-420.<em>, c.a. 1919<\/em>\u00a0<\/address>\n<\/td>\n<\/tr>\n<tr>\n<td>\t<div class=\"ngg-gallery-singlepic-image ngg-center\" style=\"max-width: 100px\">\n\t\t\t\t<a href=\"http:\/\/minval.org\/svm\/wp-content\/gallery\/calvo-rebollar-miguel\/id123.jpg\"\n\t\t\ttitle=\"\"\n\t\t\tdata-src=\"http:\/\/minval.org\/svm\/wp-content\/gallery\/calvo-rebollar-miguel\/id123.jpg\"\n\t\t\tdata-thumbnail=\"http:\/\/minval.org\/svm\/wp-content\/gallery\/calvo-rebollar-miguel\/thumbs\/thumbs_id123.jpg\"\n\t\t\tdata-image-id=\"270\"\n\t\t\tdata-title=\"id123\"\n\t\t\tdata-description=\"\"\n\t\t\ttarget='_self'\n\t\t\tclass=\"ngg-simplelightbox\" rel=\"3b6bdc6375d2e64aa2a85920703bcc7e\">\n\t\t\t<img class=\"ngg-singlepic\"\n\t\t\t\tsrc=\"http:\/\/minval.org\/svm\/wp-content\/gallery\/calvo-rebollar-miguel\/cache\/id123.jpg-nggid03270-ngg0dyn-100x0x100-00f0w010c010r110f110r010t010.jpg\"\n\t\t\t\talt=\"id123\"\n\t\t\t\ttitle=\"id123\"\n\t\t\t\t\t\t\t\t\twidth=\"100\" \t\t\t\t\t\t\t\/>\n\t\t<\/a>\n\t\t\t<\/div>\n\t\t<\/td>\n<td>\u00a0<\/td>\n<\/tr>\n<tr>\n<td>\u00a0<\/td>\n<td>\u00a0<\/td>\n<\/tr>\n<tr>\n<td style=\"width: 150px;\">\t<div class=\"ngg-gallery-singlepic-image ngg-center\" style=\"max-width: 100px\">\n\t\t\t\t<a href=\"http:\/\/minval.org\/svm\/wp-content\/gallery\/calvo-rebollar-miguel\/id098.jpg\"\n\t\t\ttitle=\"\"\n\t\t\tdata-src=\"http:\/\/minval.org\/svm\/wp-content\/gallery\/calvo-rebollar-miguel\/id098.jpg\"\n\t\t\tdata-thumbnail=\"http:\/\/minval.org\/svm\/wp-content\/gallery\/calvo-rebollar-miguel\/thumbs\/thumbs_id098.jpg\"\n\t\t\tdata-image-id=\"98\"\n\t\t\tdata-title=\"id098\"\n\t\t\tdata-description=\"\"\n\t\t\ttarget='_self'\n\t\t\tclass=\"ngg-simplelightbox\" rel=\"b1ea1453ba6e9453a81c7d34ef2223e3\">\n\t\t\t<img class=\"ngg-singlepic\"\n\t\t\t\tsrc=\"http:\/\/minval.org\/svm\/wp-content\/gallery\/calvo-rebollar-miguel\/cache\/id098.jpg-nggid0298-ngg0dyn-100x0x100-00f0w010c010r110f110r010t010.jpg\"\n\t\t\t\talt=\"id098\"\n\t\t\t\ttitle=\"id098\"\n\t\t\t\t\t\t\t\t\twidth=\"100\" \t\t\t\t\t\t\t\/>\n\t\t<\/a>\n\t\t\t<\/div>\n\t\t<\/td>\n<td>\u00a0<\/td>\n<\/tr>\n<tr>\n<td>\u00a0<\/td>\n<td>\n<p style=\"TEXT-ALIGN: right\">\u00a0<a href=\"http:\/\/minval.org\/svm\/?p=312 \">volver &gt;&gt;<\/a><\/p>\n<\/td>\n<\/tr>\n<\/tbody>\n<\/table>\n<p><!--:--><\/p>\n","protected":false},"excerpt":{"rendered":"<p>Biograf\u00eda de Daniel Jim\u00e9nez de Cisneros \u00a0 Geolog\u00eda y Paleontolog\u00eda de Alicante Jim\u00e9nez de Cisneros y Herv\u00e1s, Daniel Madrid : [s.n.], 1917 135 p., l\u00e1m., 24 cm Trabajos del Museo Nacional de Ciencias Naturales, Serie Geol\u00f3gica, n\u00ba 21 En el&#8230;<\/p>\n","protected":false},"author":3,"featured_media":0,"comment_status":"closed","ping_status":"closed","sticky":false,"template":"","format":"standard","meta":{"ngg_post_thumbnail":0,"footnotes":""},"categories":[5],"tags":[9],"_links":{"self":[{"href":"http:\/\/minval.org\/svm\/index.php?rest_route=\/wp\/v2\/posts\/772"}],"collection":[{"href":"http:\/\/minval.org\/svm\/index.php?rest_route=\/wp\/v2\/posts"}],"about":[{"href":"http:\/\/minval.org\/svm\/index.php?rest_route=\/wp\/v2\/types\/post"}],"author":[{"embeddable":true,"href":"http:\/\/minval.org\/svm\/index.php?rest_route=\/wp\/v2\/users\/3"}],"replies":[{"embeddable":true,"href":"http:\/\/minval.org\/svm\/index.php?rest_route=%2Fwp%2Fv2%2Fcomments&post=772"}],"version-history":[{"count":0,"href":"http:\/\/minval.org\/svm\/index.php?rest_route=\/wp\/v2\/posts\/772\/revisions"}],"wp:attachment":[{"href":"http:\/\/minval.org\/svm\/index.php?rest_route=%2Fwp%2Fv2%2Fmedia&parent=772"}],"wp:term":[{"taxonomy":"category","embeddable":true,"href":"http:\/\/minval.org\/svm\/index.php?rest_route=%2Fwp%2Fv2%2Fcategories&post=772"},{"taxonomy":"post_tag","embeddable":true,"href":"http:\/\/minval.org\/svm\/index.php?rest_route=%2Fwp%2Fv2%2Ftags&post=772"}],"curies":[{"name":"wp","href":"https:\/\/api.w.org\/{rel}","templated":true}]}}