{"id":838,"date":"2009-10-18T00:05:29","date_gmt":"2009-10-17T22:05:29","guid":{"rendered":"http:\/\/minval.org\/svm\/?p=838"},"modified":"2009-10-18T00:05:29","modified_gmt":"2009-10-17T22:05:29","slug":"jose-gonzalez-del-tanago-chanrai","status":"publish","type":"post","link":"http:\/\/minval.org\/svm\/?p=838","title":{"rendered":"Jos\u00e9 Gonz\u00e1lez del T\u00e1nago Chanrai"},"content":{"rendered":"<p><!--:es--><\/p>\n<table style=\"width: 649px; height: 427px;\" border=\"0\">\n<tbody>\n<tr>\n<td style=\"width: 150px;\">\u00a0\t<div class=\"ngg-gallery-singlepic-image ngg-center\" style=\"max-width: 100px\">\n\t\t\t\t<a href=\"http:\/\/minval.org\/svm\/wp-content\/gallery\/calvo-rebollar-miguel\/id119.jpg\"\n\t\t\ttitle=\"\"\n\t\t\tdata-src=\"http:\/\/minval.org\/svm\/wp-content\/gallery\/calvo-rebollar-miguel\/id119.jpg\"\n\t\t\tdata-thumbnail=\"http:\/\/minval.org\/svm\/wp-content\/gallery\/calvo-rebollar-miguel\/thumbs\/thumbs_id119.jpg\"\n\t\t\tdata-image-id=\"266\"\n\t\t\tdata-title=\"id119\"\n\t\t\tdata-description=\"\"\n\t\t\ttarget='_self'\n\t\t\tclass=\"ngg-simplelightbox\" rel=\"62c67a724e7aec1fee43c72dab53065b\">\n\t\t\t<img class=\"ngg-singlepic\"\n\t\t\t\tsrc=\"http:\/\/minval.org\/svm\/wp-content\/gallery\/calvo-rebollar-miguel\/cache\/id119.jpg-nggid03266-ngg0dyn-100x0x100-00f0w010c010r110f110r010t010.jpg\"\n\t\t\t\talt=\"id119\"\n\t\t\t\ttitle=\"id119\"\n\t\t\t\t\t\t\t\t\twidth=\"100\" \t\t\t\t\t\t\t\/>\n\t\t<\/a>\n\t\t\t<\/div>\n\t\t<\/td>\n<td>\n<h3>\u00a0Los minerales y la miner\u00eda de la Sierra Albarrana y su entorno<\/h3>\n<address>Calvo P\u00e9rez, Benjam\u00edn<\/address>\n<address>Gonz\u00e1lez del Tanago Chanrai, Jos\u00e9<\/address>\n<address>Gonz\u00e1lez del T\u00e1nago y del R\u00edo, Jos\u00e9<\/address>\n<address>Madrid : Fundaci\u00f3n Enresa, D.L. 1991<\/address>\n<address>203 p. : il. col. ; 25 cm<\/address>\n<address>M 43468-1991<\/address>\n<address>\u00a0<\/address>\n<\/td>\n<\/tr>\n<tr>\n<td style=\"width: 150px;\">\u00a0\t<div class=\"ngg-gallery-singlepic-image ngg-center\" style=\"max-width: 100px\">\n\t\t\t\t<a href=\"http:\/\/minval.org\/svm\/wp-content\/gallery\/calvo-rebollar-miguel\/img_1291.jpg\"\n\t\t\ttitle=\"\"\n\t\t\tdata-src=\"http:\/\/minval.org\/svm\/wp-content\/gallery\/calvo-rebollar-miguel\/img_1291.jpg\"\n\t\t\tdata-thumbnail=\"http:\/\/minval.org\/svm\/wp-content\/gallery\/calvo-rebollar-miguel\/thumbs\/thumbs_img_1291.jpg\"\n\t\t\tdata-image-id=\"289\"\n\t\t\tdata-title=\"img_1291\"\n\t\t\tdata-description=\"\"\n\t\t\ttarget='_self'\n\t\t\tclass=\"ngg-simplelightbox\" rel=\"1df6bd2287759ad2b5bff2890327fe69\">\n\t\t\t<img class=\"ngg-singlepic\"\n\t\t\t\tsrc=\"http:\/\/minval.org\/svm\/wp-content\/gallery\/calvo-rebollar-miguel\/cache\/img_1291.jpg-nggid03289-ngg0dyn-100x0x100-00f0w010c010r110f110r010t010.jpg\"\n\t\t\t\talt=\"img_1291\"\n\t\t\t\ttitle=\"img_1291\"\n\t\t\t\t\t\t\t\t\twidth=\"100\" \t\t\t\t\t\t\t\/>\n\t\t<\/a>\n\t\t\t<\/div>\n\t\t<\/td>\n<td>\n<h3>Los minerales y la miner\u00eda de la Sierra Albarrana y su entorno<\/h3>\n<address>Calvo P\u00e9rez, Benjam\u00edn<\/address>\n<address>Gonz\u00e1lez del Tanago Chanrai, Jos\u00e9<\/address>\n<address>Gonz\u00e1lez del T\u00e1nago y del R\u00edo, Jos\u00e9<\/address>\n<address>Madrid : Enresa, D.L. 1996<\/address>\n<address>151 p. : il. col. ; 27 cm<\/address>\n<address>M 33662-1996<\/address>\n<address>\u00a0<\/address>\n<\/td>\n<\/tr>\n<tr>\n<td style=\"width: 150px;\">\t<div class=\"ngg-gallery-singlepic-image ngg-center\" style=\"max-width: 100px\">\n\t\t\t\t<a href=\"http:\/\/minval.org\/svm\/wp-content\/gallery\/calvo-rebollar-miguel\/id127.jpg\"\n\t\t\ttitle=\"\"\n\t\t\tdata-src=\"http:\/\/minval.org\/svm\/wp-content\/gallery\/calvo-rebollar-miguel\/id127.jpg\"\n\t\t\tdata-thumbnail=\"http:\/\/minval.org\/svm\/wp-content\/gallery\/calvo-rebollar-miguel\/thumbs\/thumbs_id127.jpg\"\n\t\t\tdata-image-id=\"275\"\n\t\t\tdata-title=\"id127\"\n\t\t\tdata-description=\"\"\n\t\t\ttarget='_self'\n\t\t\tclass=\"ngg-simplelightbox\" rel=\"d7d1dd6252df2d2c35c14f26fd2ca01a\">\n\t\t\t<img class=\"ngg-singlepic\"\n\t\t\t\tsrc=\"http:\/\/minval.org\/svm\/wp-content\/gallery\/calvo-rebollar-miguel\/cache\/id127.jpg-nggid03275-ngg0dyn-100x0x100-00f0w010c010r110f110r010t010.jpg\"\n\t\t\t\talt=\"id127\"\n\t\t\t\ttitle=\"id127\"\n\t\t\t\t\t\t\t\t\twidth=\"100\" \t\t\t\t\t\t\t\/>\n\t\t<\/a>\n\t\t\t<\/div>\n\t\t<\/td>\n<td>\n<h3>\u00a0Minerales y minas de Madrid<\/h3>\n<address>Gonz\u00e1lez del Tanago Chanrai, Jos\u00e9<\/address>\n<address>Gonz\u00e1lez del T\u00e1nago y del R\u00edo, Jos\u00e9<\/address>\n<address>Madrid : Consejer\u00eda de Medio Ambiente : Mundi-Prensa, 2002<\/address>\n<address>271 p. : il. col., mapas ; 24 cm<\/address>\n<address>M 43090-2000<\/address>\n<address>\u00a0<\/address>\n<\/td>\n<\/tr>\n<tr>\n<td>\u00a0<\/td>\n<td>\n<p style=\"TEXT-ALIGN: right\"><a href=\"http:\/\/minval.org\/svm\/?p=309\">volver &gt;&gt;<\/a><\/p>\n<\/td>\n<\/tr>\n<\/tbody>\n<\/table>\n<p><!--:--><\/p>\n","protected":false},"excerpt":{"rendered":"<p>\u00a0 \u00a0Los minerales y la miner\u00eda de la Sierra Albarrana y su entorno Calvo P\u00e9rez, Benjam\u00edn Gonz\u00e1lez del Tanago Chanrai, Jos\u00e9 Gonz\u00e1lez del T\u00e1nago y del R\u00edo, Jos\u00e9 Madrid : Fundaci\u00f3n Enresa, D.L. 1991 203 p. : il. col. ;&#8230;<\/p>\n","protected":false},"author":3,"featured_media":0,"comment_status":"closed","ping_status":"closed","sticky":false,"template":"","format":"standard","meta":{"ngg_post_thumbnail":0,"footnotes":""},"categories":[5],"tags":[9],"_links":{"self":[{"href":"http:\/\/minval.org\/svm\/index.php?rest_route=\/wp\/v2\/posts\/838"}],"collection":[{"href":"http:\/\/minval.org\/svm\/index.php?rest_route=\/wp\/v2\/posts"}],"about":[{"href":"http:\/\/minval.org\/svm\/index.php?rest_route=\/wp\/v2\/types\/post"}],"author":[{"embeddable":true,"href":"http:\/\/minval.org\/svm\/index.php?rest_route=\/wp\/v2\/users\/3"}],"replies":[{"embeddable":true,"href":"http:\/\/minval.org\/svm\/index.php?rest_route=%2Fwp%2Fv2%2Fcomments&post=838"}],"version-history":[{"count":0,"href":"http:\/\/minval.org\/svm\/index.php?rest_route=\/wp\/v2\/posts\/838\/revisions"}],"wp:attachment":[{"href":"http:\/\/minval.org\/svm\/index.php?rest_route=%2Fwp%2Fv2%2Fmedia&parent=838"}],"wp:term":[{"taxonomy":"category","embeddable":true,"href":"http:\/\/minval.org\/svm\/index.php?rest_route=%2Fwp%2Fv2%2Fcategories&post=838"},{"taxonomy":"post_tag","embeddable":true,"href":"http:\/\/minval.org\/svm\/index.php?rest_route=%2Fwp%2Fv2%2Ftags&post=838"}],"curies":[{"name":"wp","href":"https:\/\/api.w.org\/{rel}","templated":true}]}}