{"id":840,"date":"2009-10-18T00:08:09","date_gmt":"2009-10-17T22:08:09","guid":{"rendered":"http:\/\/minval.org\/svm\/?p=840"},"modified":"2009-10-18T00:08:09","modified_gmt":"2009-10-17T22:08:09","slug":"eduardo-alonso-herrero","status":"publish","type":"post","link":"http:\/\/minval.org\/svm\/?p=840","title":{"rendered":"Eduardo Alonso Herrero"},"content":{"rendered":"<p><!--:es--><\/p>\n<table border=\"0\" width=\"650\">\n<tbody>\n<tr>\n<td style=\"width: 150px;\">\u00a0<\/p>\n<p>\t<div class=\"ngg-gallery-singlepic-image ngg-center\" style=\"max-width: 100px\">\n\t\t\t\t<a href=\"http:\/\/minval.org\/svm\/wp-content\/gallery\/calvo-rebollar-miguel\/id167_1.jpg\"\n\t\t\ttitle=\"\"\n\t\t\tdata-src=\"http:\/\/minval.org\/svm\/wp-content\/gallery\/calvo-rebollar-miguel\/id167_1.jpg\"\n\t\t\tdata-thumbnail=\"http:\/\/minval.org\/svm\/wp-content\/gallery\/calvo-rebollar-miguel\/thumbs\/thumbs_id167_1.jpg\"\n\t\t\tdata-image-id=\"340\"\n\t\t\tdata-title=\"id167_1\"\n\t\t\tdata-description=\"\"\n\t\t\ttarget='_self'\n\t\t\tclass=\"ngg-simplelightbox\" rel=\"c1ae113a8a1f8664655ac95511b43ba0\">\n\t\t\t<img class=\"ngg-singlepic\"\n\t\t\t\tsrc=\"http:\/\/minval.org\/svm\/wp-content\/gallery\/calvo-rebollar-miguel\/cache\/id167_1.jpg-nggid03340-ngg0dyn-100x0x100-00f0w010c010r110f110r010t010.jpg\"\n\t\t\t\talt=\"id167_1\"\n\t\t\t\ttitle=\"id167_1\"\n\t\t\t\t\t\t\t\t\twidth=\"100\" \t\t\t\t\t\t\t\/>\n\t\t<\/a>\n\t\t\t<\/div>\n\t\t<\/td>\n<td>\n<h3>Gu\u00eda geol\u00f3gica de la provincia de Le\u00f3n<\/h3>\n<address>Alonso Herrero, Eduardo (coordinador)<\/address>\n<address>Fern\u00e1ndez Mart\u00ednez, Esperanza<\/address>\n<address>Rodr\u00edguez Fern\u00e1ndez, Luis Roberto<\/address>\n<address>Mat\u00edas Rodr\u00edguez, Roberto<\/address>\n<address>[Le\u00f3n] : Celarayn, [2004]<\/address>\n<address>275 p. : il. col. ; 20 cm<\/address>\n<address>LE 900-2004<\/address>\n<address>\u00a0<\/address>\n<\/td>\n<\/tr>\n<tr>\n<td>\u00a0<\/td>\n<td style=\"TEXT-ALIGN: right\">\u00a0<a href=\"http:\/\/minval.org\/svm\/?p=293\">volver &gt;&gt;<\/a><\/td>\n<\/tr>\n<\/tbody>\n<\/table>\n<p><!--:--><\/p>\n","protected":false},"excerpt":{"rendered":"<p>\u00a0 Gu\u00eda geol\u00f3gica de la provincia de Le\u00f3n Alonso Herrero, Eduardo (coordinador) Fern\u00e1ndez Mart\u00ednez, Esperanza Rodr\u00edguez Fern\u00e1ndez, Luis Roberto Mat\u00edas Rodr\u00edguez, Roberto [Le\u00f3n] : Celarayn, [2004] 275 p. : il. col. ; 20 cm LE 900-2004 \u00a0 \u00a0 \u00a0volver &gt;&gt;<\/p>\n","protected":false},"author":3,"featured_media":0,"comment_status":"closed","ping_status":"closed","sticky":false,"template":"","format":"standard","meta":{"ngg_post_thumbnail":0,"footnotes":""},"categories":[5],"tags":[9],"_links":{"self":[{"href":"http:\/\/minval.org\/svm\/index.php?rest_route=\/wp\/v2\/posts\/840"}],"collection":[{"href":"http:\/\/minval.org\/svm\/index.php?rest_route=\/wp\/v2\/posts"}],"about":[{"href":"http:\/\/minval.org\/svm\/index.php?rest_route=\/wp\/v2\/types\/post"}],"author":[{"embeddable":true,"href":"http:\/\/minval.org\/svm\/index.php?rest_route=\/wp\/v2\/users\/3"}],"replies":[{"embeddable":true,"href":"http:\/\/minval.org\/svm\/index.php?rest_route=%2Fwp%2Fv2%2Fcomments&post=840"}],"version-history":[{"count":0,"href":"http:\/\/minval.org\/svm\/index.php?rest_route=\/wp\/v2\/posts\/840\/revisions"}],"wp:attachment":[{"href":"http:\/\/minval.org\/svm\/index.php?rest_route=%2Fwp%2Fv2%2Fmedia&parent=840"}],"wp:term":[{"taxonomy":"category","embeddable":true,"href":"http:\/\/minval.org\/svm\/index.php?rest_route=%2Fwp%2Fv2%2Fcategories&post=840"},{"taxonomy":"post_tag","embeddable":true,"href":"http:\/\/minval.org\/svm\/index.php?rest_route=%2Fwp%2Fv2%2Ftags&post=840"}],"curies":[{"name":"wp","href":"https:\/\/api.w.org\/{rel}","templated":true}]}}