{"id":89,"date":"2007-09-23T23:56:33","date_gmt":"2007-09-23T21:56:33","guid":{"rendered":"http:\/\/minval.org\/svm\/?p=89"},"modified":"2007-09-23T23:56:33","modified_gmt":"2007-09-23T21:56:33","slug":"acta-inicial","status":"publish","type":"post","link":"http:\/\/minval.org\/svm\/?p=89","title":{"rendered":"Acta inicial"},"content":{"rendered":"<p><!--:es--><\/p>\n<p style=\"text-align: justify;\">A las 11:45 horas del d\u00eda 23 de septiembre de 2007, en el Centro Social de Sant Vicent del Raspeig, se re\u00fanen aficionados a los minerales de las tres provincias de la Comunidad Valenciana para presentar la Societat Valenciana de Mineralogia.<\/p>\n<p style=\"text-align: justify;\">Componen la junta promotora D. Juan Miguel Casanova, D. Manuel Canseco, D. Jos\u00e9 Ram\u00f3n Pastor, D. Ram\u00f3n L\u00f3pez y D. Francisco Mayor.<\/p>\n<p style=\"text-align: justify;\">Empez\u00f3 la sesi\u00f3n D. \u00c1ngel Merino, presidente de la Asociaci\u00f3n Mineral\u00f3gica y Paleontol\u00f3gica de Sant Vicent del Raspeig, dando la bienvenida a las personas asistentes y presentando a los componentes de la mesa.<\/p>\n<p style=\"text-align: justify;\">A las 11:45 horas del d\u00eda 23 de septiembre de 2007, en el Centro Social de Sant Vicent del Raspeig, se re\u00fanen aficionados a los minerales de las tres provincias de la Comunidad Valenciana para presentar la Societat Valenciana de Mineralogia.<\/p>\n<p style=\"text-align: justify;\">Componen la junta promotora D. Juan Miguel Casanova, D. Manuel Canseco, D. Jos\u00e9 Ram\u00f3n Pastor, D. Ram\u00f3n L\u00f3pez y D. Francisco Mayor.<\/p>\n<p style=\"text-align: justify;\">Empez\u00f3 la sesi\u00f3n D. \u00c1ngel Merino, presidente de la Asociaci\u00f3n Mineral\u00f3gica y Paleontol\u00f3gica de Sant Vicent del Raspeig, dando la bienvenida a las personas asistentes y presentando a los componentes de la mesa.<\/p>\n<p style=\"text-align: justify;\">A continuaci\u00f3n D. Juan Miguel Casanova tom\u00f3 la palabra, para explicar los motivos que han llevado a los promotores a dar este importante paso, entre ellos los comentarios en ese sentido, vertidos en los diferentes encuentros de aficionados a la Mineralog\u00eda, que tienen lugar en la Comunidad, invitando a la concurrencia a formar parte de la misma, sin m\u00e1s metas, que el trabajo que libremente cada persona pueda aportar.<\/p>\n<p style=\"text-align: justify;\">Seguidamente explic\u00f3 los objetivos fundamentales que ser\u00e1n:<\/p>\n<ul style=\"text-align: justify;\">\n<li>Promover el conocimiento y divulgaci\u00f3n de la Mineralog\u00eda de la Comunidad Valenciana en nuestra sociedad.<\/li>\n<li>Contribuir a la mejora de la did\u00e1ctica de esta ciencia<\/li>\n<li>Facilitar la exposici\u00f3n y, en su caso, donaci\u00f3n de colecciones privadas para beneficio p\u00fablico.<\/li>\n<li>Colaborar con administraciones y empresas en la protecci\u00f3n y conservaci\u00f3n de nuestros\u00a0 yacimientos.<\/li>\n<li>Proponer criterios deontol\u00f3gicos de obtenci\u00f3n, exposici\u00f3n y comercializaci\u00f3n de muestras para tiendas, ferias y bolsas.<\/li>\n<li>Fomentar el descubrimiento de yacimientos y especies en nuestra Comunidad.<\/li>\n<li>Impulsar la organizaci\u00f3n de actos culturales que contribuyan a la divulgaci\u00f3n\u00a0de la Mineralog\u00eda valenciana.<\/li>\n<\/ul>\n<p style=\"text-align: justify;\">Para alcanzar estos objetivos los promotores proponen los siguientes contenidos:<\/p>\n<ul style=\"text-align: justify;\">\n<li>Elaboraci\u00f3n de una Pagina Web en la que figuren los minerales y yacimientos de la Comunidad Valenciana, noticias, enlaces, etc.<\/li>\n<li>Recibir las revistas actuales de difusi\u00f3n nacional, seg\u00fan la cuota establecida para ese fin y otras que se pudieran publicar y fueran de inter\u00e9s.<\/li>\n<li>Apoyo para la realizaci\u00f3n de eventos que tengan como objetivo el conocimiento y difusi\u00f3n de la mineralog\u00eda valenciana.<\/li>\n<li>Contacto permanente con otras entidades o personas dedicadas a los minerales, recibir asesor\u00eda, si se precisa, sobre criterios expositivos, publicaciones, yacimientos, m\u00e9todos did\u00e1cticos, etc.<\/li>\n<li>Ayuda, dentro de las posibilidades de la Sociedad, para la identificaci\u00f3n de especies en nuestra Comunidad.<\/li>\n<li>Publicaci\u00f3n de una revista propia que recoja nuestras experiencias y actividades.<\/li>\n<\/ul>\n<p style=\"text-align: justify;\">Despu\u00e9s tom\u00f3 la palabra D. Manuel Canseco para explicar los pasos que se tendr\u00e1n que dar a partir de ahora para formalizar la Sociedad, que se espera est\u00e9 dada de alta en la pr\u00f3xima asamblea que se celebrar\u00e1 en Valencia, coincidiendo con la feria Minerval, a la que se convocar\u00e1 a las personas que hayan manifestado su conformidad en ser miembros de la misma, rellenando el bolet\u00edn repartido, a los que se considerar\u00e1 miembros fundadores y que tendr\u00e1n la capacidad de presentar juntas directivas, para ser votadas en dicha reuni\u00f3n.<\/p>\n<p style=\"text-align: justify;\">Seguidamente D. Ram\u00f3n L\u00f3pez indic\u00f3 que la cuota m\u00ednima ser\u00e1 de 20 euros anuales, subiendo la misma en funci\u00f3n de las revistas que se reciban.<\/p>\n<p style=\"text-align: justify;\">A continuaci\u00f3n D. Manel Canseco, explic\u00f3 un esbozo de lo que se quiere que sea la p\u00e1gina web. Fundamentalmente una base de datos, que \u00e9l ha programado, para que cada persona que lo desee, inserte en la misma toda la informaci\u00f3n sobre minerales y yacimientos de nuestra Comunidad.<\/p>\n<p style=\"text-align: justify;\">En el cap\u00edtulo de ruegos y preguntas, se pregunt\u00f3 qu\u00e9 ocurrir\u00eda si el nombre estuviera registrado. D. Juan Miguel Casanova contest\u00f3 que no ten\u00eda constancia de que haya una asociaci\u00f3n hom\u00f3nima y que si as\u00ed fuere el registro de asociaciones nos lo indicar\u00eda.<\/p>\n<p style=\"text-align: justify;\">Se pregunt\u00f3 si podr\u00eda ampliarse la base de datos de la p\u00e1gina web a Murcia y otras Comunidades. Se respondi\u00f3 que en principio se har\u00eda con nuestra Comunidad y luego si hubiera posibilidades se extender\u00eda.<\/p>\n<p style=\"text-align: justify;\">Por \u00faltimo se indic\u00f3, que la sede de la Sociedad estar\u00e1 ubicada en el Planetario de Castell\u00f3n, pues esa instituci\u00f3n siempre se ha caracterizado por el apoyo a eventos de promoci\u00f3n y did\u00e1ctica de la Geolog\u00eda.<\/p>\n<p style=\"text-align: justify;\">Se termin\u00f3 la sesi\u00f3n a las 13:15 del d\u00eda indicado, con el aplauso de las m\u00e1s de cincuenta personas asistentes.<\/p>\n<p style=\"text-align: justify;\">Manuel Canseco Caball\u00e9<\/p>\n<p><!--:--><\/p>\n","protected":false},"excerpt":{"rendered":"<p>A las 11:45 horas del d\u00eda 23 de septiembre de 2007, en el Centro Social de Sant Vicent del Raspeig, se re\u00fanen aficionados a los minerales de las tres provincias de la Comunidad Valenciana para presentar la Societat Valenciana de&#8230;<\/p>\n","protected":false},"author":2,"featured_media":0,"comment_status":"closed","ping_status":"closed","sticky":false,"template":"","format":"standard","meta":{"ngg_post_thumbnail":0,"footnotes":""},"categories":[2],"tags":[],"_links":{"self":[{"href":"http:\/\/minval.org\/svm\/index.php?rest_route=\/wp\/v2\/posts\/89"}],"collection":[{"href":"http:\/\/minval.org\/svm\/index.php?rest_route=\/wp\/v2\/posts"}],"about":[{"href":"http:\/\/minval.org\/svm\/index.php?rest_route=\/wp\/v2\/types\/post"}],"author":[{"embeddable":true,"href":"http:\/\/minval.org\/svm\/index.php?rest_route=\/wp\/v2\/users\/2"}],"replies":[{"embeddable":true,"href":"http:\/\/minval.org\/svm\/index.php?rest_route=%2Fwp%2Fv2%2Fcomments&post=89"}],"version-history":[{"count":0,"href":"http:\/\/minval.org\/svm\/index.php?rest_route=\/wp\/v2\/posts\/89\/revisions"}],"wp:attachment":[{"href":"http:\/\/minval.org\/svm\/index.php?rest_route=%2Fwp%2Fv2%2Fmedia&parent=89"}],"wp:term":[{"taxonomy":"category","embeddable":true,"href":"http:\/\/minval.org\/svm\/index.php?rest_route=%2Fwp%2Fv2%2Fcategories&post=89"},{"taxonomy":"post_tag","embeddable":true,"href":"http:\/\/minval.org\/svm\/index.php?rest_route=%2Fwp%2Fv2%2Ftags&post=89"}],"curies":[{"name":"wp","href":"https:\/\/api.w.org\/{rel}","templated":true}]}}