{"id":906,"date":"2009-10-18T16:18:50","date_gmt":"2009-10-18T14:18:50","guid":{"rendered":"http:\/\/minval.org\/svm\/?p=906"},"modified":"2009-10-18T16:18:50","modified_gmt":"2009-10-18T14:18:50","slug":"angel-hoyos-de-castro","status":"publish","type":"post","link":"http:\/\/minval.org\/svm\/?p=906","title":{"rendered":"\u00c1ngel Hoyos de Castro"},"content":{"rendered":"<p><!--:es--><\/p>\n<table border=\"0\" width=\"650\">\n<tbody>\n<tr>\n<td style=\"width: 150px;\">\u00a0\t<div class=\"ngg-gallery-singlepic-image \" style=\"max-width: 100px\">\n\t\t\t\t<a href=\"http:\/\/minval.org\/svm\/wp-content\/gallery\/calvo-rebollar-miguel\/id205.jpg\"\n\t\t\ttitle=\"\"\n\t\t\tdata-src=\"http:\/\/minval.org\/svm\/wp-content\/gallery\/calvo-rebollar-miguel\/id205.jpg\"\n\t\t\tdata-thumbnail=\"http:\/\/minval.org\/svm\/wp-content\/gallery\/calvo-rebollar-miguel\/thumbs\/thumbs_id205.jpg\"\n\t\t\tdata-image-id=\"384\"\n\t\t\tdata-title=\"id205\"\n\t\t\tdata-description=\"\"\n\t\t\ttarget='_self'\n\t\t\tclass=\"ngg-simplelightbox\" rel=\"80fe3bdbf5bf491991c04811eeafe5bd\">\n\t\t\t<img class=\"ngg-singlepic\"\n\t\t\t\tsrc=\"http:\/\/minval.org\/svm\/wp-content\/gallery\/calvo-rebollar-miguel\/cache\/id205.jpg-nggid03384-ngg0dyn-100x0x100-00f0w010c010r110f110r010t010.jpg\"\n\t\t\t\talt=\"id205\"\n\t\t\t\ttitle=\"id205\"\n\t\t\t\t\t\t\t\t\twidth=\"100\" \t\t\t\t\t\t\t\/>\n\t\t<\/a>\n\t\t\t<\/div>\n\t\t<\/td>\n<td>\n<h3>Mineralog\u00eda : Introducci\u00f3n al estudio qu\u00edmico-estructural de los minerales<\/h3>\n<address>Hoyos de Castro, \u00c1ngel<\/address>\n<address>Granada : [s.n.], 1947 \u00a0(Imp. Ventura)<\/address>\n<address>XX, 439 p. ; 25 cm<\/address>\n<address>Grab. intercal.<\/address>\n<\/td>\n<\/tr>\n<tr>\n<td>\n<address>\u00a0<\/address>\n<\/td>\n<td>\n<address>\u00a0<\/address>\n<\/td>\n<\/tr>\n<tr>\n<td>\n<address>\u00a0<\/address>\n<\/td>\n<td>\n<h3>Mineralog\u00eda : Introducci\u00f3n al estudio qu\u00edmico-estructural de los minerales<\/h3>\n<address>Hoyos de Castro, \u00c1ngel<\/address>\n<address>2\u00aa ed.<\/address>\n<address>Granada : [s.n.], 1960 (Gr\u00e1f. Rafra)<\/address>\n<address>XV, 392 p. ; 24 cm<\/address>\n<address>Grab. intercal.<\/address>\n<address>GR 102-1960\u00a0<\/address>\n<\/td>\n<\/tr>\n<tr>\n<td>\n<address>\u00a0<\/address>\n<\/td>\n<td>\n<address>\u00a0<\/address>\n<\/td>\n<\/tr>\n<tr>\n<td>\n<address>\u00a0\t<div class=\"ngg-gallery-singlepic-image \" style=\"max-width: 100px\">\n\t\t\t\t<a href=\"http:\/\/minval.org\/svm\/wp-content\/gallery\/calvo-rebollar-miguel\/id199.jpg\"\n\t\t\ttitle=\"\"\n\t\t\tdata-src=\"http:\/\/minval.org\/svm\/wp-content\/gallery\/calvo-rebollar-miguel\/id199.jpg\"\n\t\t\tdata-thumbnail=\"http:\/\/minval.org\/svm\/wp-content\/gallery\/calvo-rebollar-miguel\/thumbs\/thumbs_id199.jpg\"\n\t\t\tdata-image-id=\"378\"\n\t\t\tdata-title=\"id199\"\n\t\t\tdata-description=\"\"\n\t\t\ttarget='_self'\n\t\t\tclass=\"ngg-simplelightbox\" rel=\"2185c400b27d68cadf84944d52fcf1a3\">\n\t\t\t<img class=\"ngg-singlepic\"\n\t\t\t\tsrc=\"http:\/\/minval.org\/svm\/wp-content\/gallery\/calvo-rebollar-miguel\/cache\/id199.jpg-nggid03378-ngg0dyn-100x0x100-00f0w010c010r110f110r010t010.jpg\"\n\t\t\t\talt=\"id199\"\n\t\t\t\ttitle=\"id199\"\n\t\t\t\t\t\t\t\t\twidth=\"100\" \t\t\t\t\t\t\t\/>\n\t\t<\/a>\n\t\t\t<\/div>\n\t\t<\/address>\n<\/td>\n<td>\n<h3>Mineralog\u00eda : Introducci\u00f3n al estudio qu\u00edmico-estructural de los minerales<\/h3>\n<address>Hoyos de Castro, \u00c1ngel<\/address>\n<address>3\u00aa ed.<\/address>\n<address>Madrid : [s.n.], 1964 (Tip. Coullaut)<\/address>\n<address>XIV, 392 p. ; 24 cm<\/address>\n<address>Grab. intercal.<\/address>\n<address>M 10788-1964<\/address>\n<\/td>\n<\/tr>\n<tr>\n<td>\n<address>\u00a0<\/address>\n<\/td>\n<td>\n<address>\u00a0<\/address>\n<\/td>\n<\/tr>\n<tr>\n<td>\n<address>\u00a0\t<div class=\"ngg-gallery-singlepic-image \" style=\"max-width: 100px\">\n\t\t\t\t<a href=\"http:\/\/minval.org\/svm\/wp-content\/gallery\/calvo-rebollar-miguel\/id207.jpg\"\n\t\t\ttitle=\"\"\n\t\t\tdata-src=\"http:\/\/minval.org\/svm\/wp-content\/gallery\/calvo-rebollar-miguel\/id207.jpg\"\n\t\t\tdata-thumbnail=\"http:\/\/minval.org\/svm\/wp-content\/gallery\/calvo-rebollar-miguel\/thumbs\/thumbs_id207.jpg\"\n\t\t\tdata-image-id=\"386\"\n\t\t\tdata-title=\"id207\"\n\t\t\tdata-description=\"\"\n\t\t\ttarget='_self'\n\t\t\tclass=\"ngg-simplelightbox\" rel=\"df11f472c590eb79ffac7a0f7e1d4d8c\">\n\t\t\t<img class=\"ngg-singlepic\"\n\t\t\t\tsrc=\"http:\/\/minval.org\/svm\/wp-content\/gallery\/calvo-rebollar-miguel\/cache\/id207.jpg-nggid03386-ngg0dyn-100x0x100-00f0w010c010r110f110r010t010.jpg\"\n\t\t\t\talt=\"id207\"\n\t\t\t\ttitle=\"id207\"\n\t\t\t\t\t\t\t\t\twidth=\"100\" \t\t\t\t\t\t\t\/>\n\t\t<\/a>\n\t\t\t<\/div>\n\t\t<\/address>\n<\/td>\n<td>\n<h3>Mineralog\u00eda : Introducci\u00f3n al estudio qu\u00edmico-estructural de los minerales<\/h3>\n<address>Hoyos de Castro, \u00c1ngel<\/address>\n<address>[3\u00aa ed. (Reimp.]<\/address>\n<address>Madrid : [s.n.], 1969 (\u00abRealigraf\u00bb)<\/address>\n<address>XIV, 392 p. : grab. ; 24 cm<\/address>\n<address>M 22686-1969<\/address>\n<\/td>\n<\/tr>\n<tr>\n<td>\n<address>\u00a0<\/address>\n<\/td>\n<td>\n<address>\u00a0<\/address>\n<\/td>\n<\/tr>\n<tr>\n<td>\n<address>\u00a0<\/address>\n<\/td>\n<td>\n<h3>Mineralog\u00eda : Introducci\u00f3n al estudio qu\u00edmico-estructural de los minerales<\/h3>\n<address>Hoyos de Castro, \u00c1ngel<\/address>\n<address>[3\u00aa ed. (Reimp.]<\/address>\n<address>Madrid : [s.n.], 1972 (Realigraf)<\/address>\n<address>XIV, 392 p. : grab. ; 24 cm<\/address>\n<address>M 31479-1972<\/address>\n<\/td>\n<\/tr>\n<tr>\n<td>\n<address>\u00a0<\/address>\n<\/td>\n<td>\n<address>\u00a0<\/address>\n<\/td>\n<\/tr>\n<tr>\n<td>\n<address>\u00a0<\/address>\n<\/td>\n<td>\n<h3>Mineralog\u00eda : Introducci\u00f3n al estudio qu\u00edmico-estructural de los minerales<\/h3>\n<address>Hoyos de Castro, \u00c1ngel<\/address>\n<address>3\u00aa ed. reimp.<\/address>\n<address>Madrid : [s.n.], 1975 (Imp. Realigraf)<\/address>\n<address>XIV, 392 p. : grab. ; 24 cm<\/address>\n<address>M 31410-1975\u00a0<\/address>\n<\/td>\n<\/tr>\n<tr>\n<td>\u00a0<\/td>\n<td>\n<p style=\"TEXT-ALIGN: right\">\u00a0<a href=\"http:\/\/minval.org\/svm\/?p=310\">volver &gt;&gt;<\/a><\/p>\n<\/td>\n<\/tr>\n<\/tbody>\n<\/table>\n<p><!--:--><\/p>\n","protected":false},"excerpt":{"rendered":"<p>\u00a0 Mineralog\u00eda : Introducci\u00f3n al estudio qu\u00edmico-estructural de los minerales Hoyos de Castro, \u00c1ngel Granada : [s.n.], 1947 \u00a0(Imp. Ventura) XX, 439 p. ; 25 cm Grab. intercal. \u00a0 \u00a0 \u00a0 Mineralog\u00eda : Introducci\u00f3n al estudio qu\u00edmico-estructural de los minerales&#8230;<\/p>\n","protected":false},"author":3,"featured_media":0,"comment_status":"closed","ping_status":"closed","sticky":false,"template":"","format":"standard","meta":{"ngg_post_thumbnail":0,"footnotes":""},"categories":[5],"tags":[9],"_links":{"self":[{"href":"http:\/\/minval.org\/svm\/index.php?rest_route=\/wp\/v2\/posts\/906"}],"collection":[{"href":"http:\/\/minval.org\/svm\/index.php?rest_route=\/wp\/v2\/posts"}],"about":[{"href":"http:\/\/minval.org\/svm\/index.php?rest_route=\/wp\/v2\/types\/post"}],"author":[{"embeddable":true,"href":"http:\/\/minval.org\/svm\/index.php?rest_route=\/wp\/v2\/users\/3"}],"replies":[{"embeddable":true,"href":"http:\/\/minval.org\/svm\/index.php?rest_route=%2Fwp%2Fv2%2Fcomments&post=906"}],"version-history":[{"count":0,"href":"http:\/\/minval.org\/svm\/index.php?rest_route=\/wp\/v2\/posts\/906\/revisions"}],"wp:attachment":[{"href":"http:\/\/minval.org\/svm\/index.php?rest_route=%2Fwp%2Fv2%2Fmedia&parent=906"}],"wp:term":[{"taxonomy":"category","embeddable":true,"href":"http:\/\/minval.org\/svm\/index.php?rest_route=%2Fwp%2Fv2%2Fcategories&post=906"},{"taxonomy":"post_tag","embeddable":true,"href":"http:\/\/minval.org\/svm\/index.php?rest_route=%2Fwp%2Fv2%2Ftags&post=906"}],"curies":[{"name":"wp","href":"https:\/\/api.w.org\/{rel}","templated":true}]}}